{"id":16361,"date":"2024-11-07T13:22:53","date_gmt":"2024-11-07T16:22:53","guid":{"rendered":"https:\/\/www.visionweb.com.ar\/?p=16361"},"modified":"2024-11-07T13:22:53","modified_gmt":"2024-11-07T16:22:53","slug":"aerolineas-el-gobierno-exige-un-plan-de-trabajo-para-opere-sin-conflictos-gremiales","status":"publish","type":"post","link":"https:\/\/www.visionweb.com.ar\/?p=16361","title":{"rendered":"Aerol\u00edneas: El Gobierno exige un plan de trabajo para opere sin conflictos gremiales"},"content":{"rendered":"<p><em><strong>El Poder Ejecutivo amenaz\u00f3 con cerrar Aerol\u00edneas Argentinas si no presentan una propuesta: Los gremios tienen tiempo hasta el viernes.<\/strong><\/em><!--more--><\/p>\n<p><strong><img loading=\"lazy\" decoding=\"async\" class=\"size-medium wp-image-1153 alignright\" src=\"https:\/\/www.visionweb.com.ar\/wp-content\/uploads\/2021\/03\/AEROPARQUE-UNO-300x164.png\" alt=\"\" width=\"300\" height=\"164\" srcset=\"https:\/\/www.visionweb.com.ar\/wp-content\/uploads\/2021\/03\/AEROPARQUE-UNO-300x164.png 300w, https:\/\/www.visionweb.com.ar\/wp-content\/uploads\/2021\/03\/AEROPARQUE-UNO-768x419.png 768w, https:\/\/www.visionweb.com.ar\/wp-content\/uploads\/2021\/03\/AEROPARQUE-UNO.png 800w\" sizes=\"auto, (max-width: 300px) 100vw, 300px\" \/>\u00a0\u00a0\u00a0 L<\/strong>uego de que los trabajadores de\u00a0<strong>Intercargo<\/strong>\u00a0realizaran ayer una asamblea informativa sorpresa como medida de fuerza, el Gobierno dio a los gremios aeron\u00e1uticos un plazo hasta el viernes para presentar una <strong>propuesta<\/strong> para que<strong>\u00a0Aerol\u00edneas Argentinas\u00a0<\/strong>opere normalmente y sin conflictos,\u00a0<strong>caso contrario, advirti\u00f3 que cerrar\u00e1 la empresa.<\/strong><\/p>\n<p>El Poder Ejecutivo exige un plan de trabajo para que la compa\u00f1\u00eda opere sin conflictos gremiales. En caso de que la propuesta de los aeron\u00e1uticos no satisfaga las expectativas del Ejecutivo, llevar\u00e1 a cabo un<strong>\u00a0Plan Preventivo de Crisis, que terminar\u00e1 en su cierre definitivo.<\/strong><\/p>\n<p>Este proceso preventivo de empresa es un mecanismo legal por el que una compa\u00f1\u00eda, por motivos de fuerza mayor o por una causa no imputable al empleador, puede\u00a0<strong>reducir horarios, suspender o despedir empleados\u00a0<\/strong>con una indemnizaci\u00f3n reducida.<\/p>\n<p>Esta legislaci\u00f3n funciona bajo la \u00f3rbita del\u00a0<strong>Ministerio de Trabajo<\/strong>\u00a0y es obligatorio para que una empresa cese sus operaciones.<\/p>\n<p>El ultim\u00e1tum del\u00a0<strong>Gobierno<\/strong>\u00a0lleg\u00f3 luego de que trabajadores de la empresa Intercargo organizaran asambleas informativas sin aviso en el\u00a0<strong>Aeroparque<\/strong>\u00a0<strong>Jorge Newbery<\/strong>\u00a0durante el mi\u00e9rcoles al mediod\u00eda. La medida tomada por los empleados de la empresa estatal, que brinda el servicio de rampa,\u00a0<strong>afect\u00f3 al normal funcionamiento de aerol\u00edneas como Flybondi, JetSmart, Gol, Sky y Latam.<\/strong><\/p>\n<p>Seg\u00fan detallaron los empleados de Intercargo, la medida de fuerza fue llevada porque la empresa \u201c<strong>decidi\u00f3\u00a0despedir arbitrariamente y sin causa a un trabajador de la base\u00a0Aeroparque\u201d.<\/strong>\u00a0 As\u00ed, los trabajadores nucleados en APA aseguraron que el despido fue una \u201c<strong>provocaci\u00f3n<\/strong>\u201d, e diferencia de lo se\u00f1alado por la Secretar\u00eda de Transporte.<\/p>\n<p>La medida alter\u00f3 ayer los vuelos de\u00a0<strong>Aeroparque y de Ezeiza<\/strong>\u00a0y dej\u00f3 a <strong>miles de pasajeros varados y los pasillos y hasta dentro de los aviones<\/strong>.<\/p>\n<p><strong>El Gobierno denunciar\u00e1 al sindicato APA por abandono de personas, intimidaci\u00f3n p\u00fablica y bloqueo. (VW)<\/strong><\/p>\n","protected":false},"excerpt":{"rendered":"<p>El Poder Ejecutivo amenaz\u00f3 con cerrar Aerol\u00edneas Argentinas si no presentan una propuesta: Los gremios tienen tiempo hasta el viernes.<\/p>\n","protected":false},"author":4,"featured_media":1153,"comment_status":"closed","ping_status":"closed","sticky":false,"template":"","format":"standard","meta":{"_monsterinsights_skip_tracking":false,"_monsterinsights_sitenote_active":false,"_monsterinsights_sitenote_note":"","_monsterinsights_sitenote_category":0,"footnotes":""},"categories":[4,5],"tags":[1583,5742,1828,6307],"class_list":["post-16361","post","type-post","status-publish","format-standard","has-post-thumbnail","hentry","category-politica","category-sociedad","tag-aerolineas","tag-apa","tag-conflicto","tag-intercargo"],"_links":{"self":[{"href":"https:\/\/www.visionweb.com.ar\/index.php?rest_route=\/wp\/v2\/posts\/16361","targetHints":{"allow":["GET"]}}],"collection":[{"href":"https:\/\/www.visionweb.com.ar\/index.php?rest_route=\/wp\/v2\/posts"}],"about":[{"href":"https:\/\/www.visionweb.com.ar\/index.php?rest_route=\/wp\/v2\/types\/post"}],"author":[{"embeddable":true,"href":"https:\/\/www.visionweb.com.ar\/index.php?rest_route=\/wp\/v2\/users\/4"}],"replies":[{"embeddable":true,"href":"https:\/\/www.visionweb.com.ar\/index.php?rest_route=%2Fwp%2Fv2%2Fcomments&post=16361"}],"version-history":[{"count":1,"href":"https:\/\/www.visionweb.com.ar\/index.php?rest_route=\/wp\/v2\/posts\/16361\/revisions"}],"predecessor-version":[{"id":16362,"href":"https:\/\/www.visionweb.com.ar\/index.php?rest_route=\/wp\/v2\/posts\/16361\/revisions\/16362"}],"wp:featuredmedia":[{"embeddable":true,"href":"https:\/\/www.visionweb.com.ar\/index.php?rest_route=\/wp\/v2\/media\/1153"}],"wp:attachment":[{"href":"https:\/\/www.visionweb.com.ar\/index.php?rest_route=%2Fwp%2Fv2%2Fmedia&parent=16361"}],"wp:term":[{"taxonomy":"category","embeddable":true,"href":"https:\/\/www.visionweb.com.ar\/index.php?rest_route=%2Fwp%2Fv2%2Fcategories&post=16361"},{"taxonomy":"post_tag","embeddable":true,"href":"https:\/\/www.visionweb.com.ar\/index.php?rest_route=%2Fwp%2Fv2%2Ftags&post=16361"}],"curies":[{"name":"wp","href":"https:\/\/api.w.org\/{rel}","templated":true}]}}