{"id":16343,"date":"2024-11-07T07:48:32","date_gmt":"2024-11-07T10:48:32","guid":{"rendered":"https:\/\/www.visionweb.com.ar\/?p=16343"},"modified":"2024-11-07T07:50:19","modified_gmt":"2024-11-07T10:50:19","slug":"llega-a-lanus-la-feria-del-libro-2024","status":"publish","type":"post","link":"https:\/\/www.visionweb.com.ar\/?p=16343","title":{"rendered":"Llega a Lan\u00fas la Feria del Libro 2024"},"content":{"rendered":"<p><strong><em>Las visitas son con entrada libre y gratuita. La muestra permanecer\u00e1 abierta hasta el domingo en el Centro Cultural Leonardo Favio<\/em><\/strong> .\u00a0 <!--more--><\/p>\n<p><img loading=\"lazy\" decoding=\"async\" class=\"size-medium wp-image-16344 alignright\" src=\"https:\/\/www.visionweb.com.ar\/wp-content\/uploads\/2024\/11\/Centro-Cultural-Leonardo-Favio-300x227.png\" alt=\"\" width=\"300\" height=\"227\" srcset=\"https:\/\/www.visionweb.com.ar\/wp-content\/uploads\/2024\/11\/Centro-Cultural-Leonardo-Favio-300x227.png 300w, https:\/\/www.visionweb.com.ar\/wp-content\/uploads\/2024\/11\/Centro-Cultural-Leonardo-Favio.png 635w\" sizes=\"auto, (max-width: 300px) 100vw, 300px\" \/>Desde este viernes, organizado por el municipio Local, llega la Feria del Libro Lan\u00fas 2024. Con diferentes propuestas culturales, se estar\u00e1 llevando a cabo desde el viernes 8 al domingo 10 de noviembre, en el Centro Cultural Leonardo Favio, ubicado en A. 25 de Mayo 131, Lan\u00fas Oeste.<\/p>\n<p>Con la entrada libre y gratuita, la franja horaria ser\u00e1 de 15 a 21 horas, en tanto que el resto de actividades ir\u00e1 variando. Por cada d\u00eda que tendr\u00e1 la Feria, habr\u00e1 varias propuestas innovadoras como charlas abiertas, exposiciones de artistas lanusenses, expo de comics y m\u00e1s de 10 talleres.<\/p>\n<p>A continuaci\u00f3n, el detalle del cronograma completo:<\/p>\n<p><strong>Sector Feria del Libro (de 15 a 21 horas)<\/strong><\/p>\n<p>Puestos de editoriales y librer\u00edas.<\/p>\n<p><strong>Charlas abiertas<\/strong><\/p>\n<p>De 17 a 19 horas.<\/p>\n<p>Hasta agotar la capacidad del Auditorio Leonardo Favio.<\/p>\n<p>Mundo Disperso, historias de la vida y todo lo dem\u00e1s.<\/p>\n<p><strong>08\/11<\/strong>, Dolores Reyes: escritora y docente.<\/p>\n<p><strong>09\/11<\/strong>, Saborido y M\u00edguez: charlar\u00e1n sobre los 80 a\u00f1os de Lan\u00fas.<\/p>\n<p><strong>10\/11<\/strong>, C\u00e9sar Gonz\u00e1lez, escritor y cineasta.<\/p>\n<p><strong>Sector taller<\/strong>:<\/p>\n<p>Patio del Centro Cultural Leonardo Favio de 15 a 17 horas.<\/p>\n<p><strong>Posta 1:<\/strong><\/p>\n<p>Del 08\/11 al 10\/11<\/p>\n<p>Grabado para ni\u00f1os, Prof. Willy Urano.<\/p>\n<p><strong>Posta 2:<\/strong><\/p>\n<p>08\/11: Mosaiquismo para ni\u00f1os, Prof. Laura Mamba.<\/p>\n<p>09\/11: Teatro Le\u00eddo. Prof. Camila \u00c1lvarez.<\/p>\n<p>10\/11: Arte. Prof. Nair Llano.<\/p>\n<p><strong>Posta 3<\/strong><\/p>\n<p>08\/11: Encuadernaci\u00f3n libretas tapa blanda.<\/p>\n<p>09\/11: Encuadernaci\u00f3n costura japonesa. Prof. Luc\u00eda \u00c1lvarez.<\/p>\n<p>10\/11: T\u00edteres de tela. Prof. Mar\u00eda Paula Alessandrakis.<\/p>\n<p><strong>Posta 4<\/strong><\/p>\n<p>08\/11: Caricatura. Prof. Fede Dyk.<\/p>\n<p>09\/11: Manga. Prof. Cristiano Art.<\/p>\n<p>10\/11 Historieta. Prof. Mart\u00edn Gim\u00e9nez.<\/p>\n<p><strong>Posta 5<\/strong><\/p>\n<p>08\/11 Alfabetizaci\u00f3n. Prof. Camila Bel\u00e9n Vescovo.<\/p>\n<p>09\/11: Ilustraci\u00f3n para cuentos. Prof. Javier M\u00e9ndez.<\/p>\n<p>10\/11: Encuadernaci\u00f3n tipo Junk Journal. Prof. Mariana Pujol.<\/p>\n<p><strong>Sector Expo Comics (de 15 a 21 horas)<\/strong><\/p>\n<p>Exposici\u00f3n de c\u00f3mics, fanzines, historietas, ilustradores y emprendedores.<\/p>\n<p><strong>(VW)<\/strong><\/p>\n","protected":false},"excerpt":{"rendered":"<p>Las visitas son con entrada libre y gratuita. La muestra permanecer\u00e1 abierta hasta el domingo en el Centro Cultural Leonardo Favio .\u00a0<\/p>\n","protected":false},"author":3,"featured_media":16344,"comment_status":"closed","ping_status":"closed","sticky":false,"template":"","format":"standard","meta":{"_monsterinsights_skip_tracking":false,"_monsterinsights_sitenote_active":false,"_monsterinsights_sitenote_note":"","_monsterinsights_sitenote_category":0,"footnotes":""},"categories":[1822],"tags":[2579,19,239,231],"class_list":["post-16343","post","type-post","status-publish","format-standard","has-post-thumbnail","hentry","category-internacionales","tag-feria","tag-lanus","tag-libro","tag-museo"],"_links":{"self":[{"href":"https:\/\/www.visionweb.com.ar\/index.php?rest_route=\/wp\/v2\/posts\/16343","targetHints":{"allow":["GET"]}}],"collection":[{"href":"https:\/\/www.visionweb.com.ar\/index.php?rest_route=\/wp\/v2\/posts"}],"about":[{"href":"https:\/\/www.visionweb.com.ar\/index.php?rest_route=\/wp\/v2\/types\/post"}],"author":[{"embeddable":true,"href":"https:\/\/www.visionweb.com.ar\/index.php?rest_route=\/wp\/v2\/users\/3"}],"replies":[{"embeddable":true,"href":"https:\/\/www.visionweb.com.ar\/index.php?rest_route=%2Fwp%2Fv2%2Fcomments&post=16343"}],"version-history":[{"count":1,"href":"https:\/\/www.visionweb.com.ar\/index.php?rest_route=\/wp\/v2\/posts\/16343\/revisions"}],"predecessor-version":[{"id":16345,"href":"https:\/\/www.visionweb.com.ar\/index.php?rest_route=\/wp\/v2\/posts\/16343\/revisions\/16345"}],"wp:featuredmedia":[{"embeddable":true,"href":"https:\/\/www.visionweb.com.ar\/index.php?rest_route=\/wp\/v2\/media\/16344"}],"wp:attachment":[{"href":"https:\/\/www.visionweb.com.ar\/index.php?rest_route=%2Fwp%2Fv2%2Fmedia&parent=16343"}],"wp:term":[{"taxonomy":"category","embeddable":true,"href":"https:\/\/www.visionweb.com.ar\/index.php?rest_route=%2Fwp%2Fv2%2Fcategories&post=16343"},{"taxonomy":"post_tag","embeddable":true,"href":"https:\/\/www.visionweb.com.ar\/index.php?rest_route=%2Fwp%2Fv2%2Ftags&post=16343"}],"curies":[{"name":"wp","href":"https:\/\/api.w.org\/{rel}","templated":true}]}}