{"id":16340,"date":"2024-11-06T15:46:20","date_gmt":"2024-11-06T18:46:20","guid":{"rendered":"https:\/\/www.visionweb.com.ar\/?p=16340"},"modified":"2024-11-06T15:46:20","modified_gmt":"2024-11-06T18:46:20","slug":"cine-nuevo-decreto-condiciona-los-subsidios-a-la-cantidad-de-espectadores","status":"publish","type":"post","link":"https:\/\/www.visionweb.com.ar\/?p=16340","title":{"rendered":"Cine: Nuevo decreto condiciona los subsidios a la cantidad de espectadores"},"content":{"rendered":"<p><em><strong>El cine argentino\u00a0s\u00f3lo recibir\u00e1\u00a0subsidios\u00a0estatales si logra tener al menos\u00a010.000 espectadores. La Secretar\u00eda de Cultura ahora depender\u00e1 de Presidencia.<\/strong><\/em><!--more--><\/p>\n<p><strong>\u00a0\u00a0 <img loading=\"lazy\" decoding=\"async\" class=\"size-medium wp-image-16341 alignright\" src=\"https:\/\/www.visionweb.com.ar\/wp-content\/uploads\/2024\/11\/cine-instit-300x200.png\" alt=\"\" width=\"300\" height=\"200\" srcset=\"https:\/\/www.visionweb.com.ar\/wp-content\/uploads\/2024\/11\/cine-instit-300x200.png 300w, https:\/\/www.visionweb.com.ar\/wp-content\/uploads\/2024\/11\/cine-instit.png 480w\" sizes=\"auto, (max-width: 300px) 100vw, 300px\" \/>\u00a0 E<\/strong>l <strong>Gobierno nacional\u00a0<\/strong>de\u00a0<strong>Javier Milei\u00a0<\/strong>public\u00f3 en las \u00faltimas horas, el\u00a0<strong><a href=\"https:\/\/www.boletinoficial.gob.ar\/detalleAviso\/primera\/316620\/20241105\">Decreto 984\/2024<\/a><\/strong>, que establece para el\u00a0<strong>cine argentino<\/strong> nuevos criterios para acceder a\u00a0<strong>subsidios\u00a0<\/strong>para realizar producciones, que deber\u00e1n demostrar su capacidad de atraer\u00a0<strong>espectadores\u00a0<\/strong>para recibir apoyo econ\u00f3mico del\u00a0<strong>Estado<\/strong>.<\/p>\n<p>Con la nueva disposici\u00f3n firmada por el presidente\u00a0<strong>Milei<\/strong>, el jefe de Gabinete,\u00a0<strong>Guillermo Francos<\/strong>, y el ministro de Desregulaci\u00f3n y Transformaci\u00f3n del Estado,\u00a0<strong>Federico Sturzenegger<\/strong>, la administraci\u00f3n libertaria decret\u00f3 que el\u00a0<strong>cine argentino\u00a0<\/strong>solo recibir\u00e1\u00a0<strong>subsidios\u00a0<\/strong>estatales si logran tener al menos\u00a0<strong>10.000 espectadores<\/strong>.<\/p>\n<p>Adem\u00e1s, mediante el decreto publicado este martes en el\u00a0<strong>Bolet\u00edn Oficial<\/strong>, el Ejecutivo prohibi\u00f3 que el\u00a0<strong>Instituto Nacional de Cine y Artes Audiovisuales\u00a0<\/strong>(<strong><a href=\"https:\/\/www.incaa.gob.ar\/\">INCAA<\/a><\/strong>) \u201cotorgue\u00a0<strong>subsidios<\/strong>\u00a0por adelantado y sin contraprestaci\u00f3n\u201d a productores argentinos de pel\u00edculas no exhibidas en salas, sino a trav\u00e9s de plataformas digitales de \u2018streaming\u2019.<\/p>\n<p>A partir de ahora, el\u00a0<strong>INCAA\u00a0<\/strong>le otorgar\u00e1 a los productores de\u00a0<strong>cine argentino\u00a0<\/strong>cr\u00e9ditos y, si <strong>una vez estrenada, la pel\u00edcula logra el m\u00ednimo de 10.000 espectadores, obtendr\u00e1n un subsidio estatal con el que podr\u00e1n cancelar parte del pr\u00e9stamo <\/strong>que el\u00a0<strong>Estado\u00a0<\/strong>les otorg\u00f3 previamente.<\/p>\n<p><strong>Otro decreto: La Secretar\u00eda de Cultura depender\u00e1 de Presidencia<\/strong><\/p>\n<p>Este mi\u00e9rcoles, a trav\u00e9s del\u00a0<strong>Decreto 989\/2024<\/strong>,\u00a0<strong>Javier Milei\u00a0<\/strong>orden\u00f3 una significativa reestructuraci\u00f3n en la administraci\u00f3n p\u00fablica, concentrando las atribuciones culturales en la \u00f3rbita presidencial.<\/p>\n<p>De esta manera, el texto publicado en el\u00a0<strong>Bolet\u00edn Oficial<\/strong>, establece que la\u00a0<strong>Secretar\u00eda de Cultura\u00a0<\/strong>pasar\u00e1 a depender de\u00a0<strong>Presidencia de la Naci\u00f3n<\/strong>, y le retir\u00f3 as\u00ed esta competencia al\u00a0<strong>Ministerio de Capital Humano<\/strong>, que ahora se centrar\u00e1 exclusivamente en\u00a0<strong>educaci\u00f3n<\/strong>,\u00a0<strong>empleo\u00a0<\/strong>y\u00a0<strong>asistencia social<\/strong>.<\/p>\n<p>La decisi\u00f3n fue confirmada por su titular,\u00a0<strong>Leonardo Cifelli<\/strong>, e implicar\u00e1 que la\u00a0<strong>Secretar\u00eda de Cultura\u00a0<\/strong>act\u00fae directamente bajo el mando presidencial, quedando a la par de otras \u00e1reas como\u00a0<strong>Planeamiento Estrat\u00e9gico Normativo\u00a0<\/strong>y\u00a0<strong>Comunicaci\u00f3n y Medios<\/strong>.<\/p>\n<p>Sin embargo, si bien el organigrama ubica a la\u00a0<strong>Secretar\u00eda de Cultura\u00a0<\/strong>bajo la Presidencia, en t\u00e9rminos operativos depender\u00e1 de\u00a0<strong>Karina Milei<\/strong>, quien lidera la Secretar\u00eda General de la Presidencia.<\/p>\n<p>Seg\u00fan indicaron desde\u00a0<strong>Casa Rosada<\/strong>, el objetivo del cambio es expandir la presencia de la cultura argentina en el mercado internacional, promoviendo valores y tradiciones.<\/p>\n<p>\u201cLa cultura es fundamental para el desarrollo social, en tanto promueve la transmisi\u00f3n de valores, tradiciones y conocimientos. Fomenta la identidad y el sentido de pertenencia, lo que a su vez fortalece el tejido social, y tiene un impacto significativo en el desarrollo econ\u00f3mico\u201d, argumenta el decreto.<\/p>\n<p>Es preciso mencionar que, el decreto tambi\u00e9n modifica la\u00a0<strong>Ley de Ministerios<\/strong>, y especifica que la nueva\u00a0<strong>Secretar\u00eda de Cultura\u00a0<\/strong>de Presidencia ser\u00e1 una de las siete que asistir\u00e1n directamente al\u00a0<strong>Poder Ejecutivo Nacional<\/strong>. Junto a ella, se encuentran la\u00a0<strong>Secretar\u00eda General, Legal y T\u00e9cnica<\/strong>,\u00a0<strong>Planeamiento Estrat\u00e9gico Normativo<\/strong>,\u00a0<strong>Prensa<\/strong>,\u00a0<strong>Inteligencia de Estado\u00a0<\/strong>y\u00a0<strong>Comunicaci\u00f3n y Medios<\/strong>. <strong>(VW)<\/strong><\/p>\n","protected":false},"excerpt":{"rendered":"<p>El cine argentino\u00a0s\u00f3lo recibir\u00e1\u00a0subsidios\u00a0estatales si logra tener al menos\u00a010.000 espectadores. La Secretar\u00eda de Cultura ahora depender\u00e1 de Presidencia.<\/p>\n","protected":false},"author":4,"featured_media":16341,"comment_status":"closed","ping_status":"closed","sticky":false,"template":"","format":"standard","meta":{"_monsterinsights_skip_tracking":false,"_monsterinsights_sitenote_active":false,"_monsterinsights_sitenote_note":"","_monsterinsights_sitenote_category":0,"footnotes":""},"categories":[8,4],"tags":[6911,500,3429,3994,871],"class_list":["post-16340","post","type-post","status-publish","format-standard","has-post-thumbnail","hentry","category-interes-general","category-politica","tag-cine-argentino","tag-decreto","tag-incaa","tag-secretaria-de-cultura","tag-subsidios"],"_links":{"self":[{"href":"https:\/\/www.visionweb.com.ar\/index.php?rest_route=\/wp\/v2\/posts\/16340","targetHints":{"allow":["GET"]}}],"collection":[{"href":"https:\/\/www.visionweb.com.ar\/index.php?rest_route=\/wp\/v2\/posts"}],"about":[{"href":"https:\/\/www.visionweb.com.ar\/index.php?rest_route=\/wp\/v2\/types\/post"}],"author":[{"embeddable":true,"href":"https:\/\/www.visionweb.com.ar\/index.php?rest_route=\/wp\/v2\/users\/4"}],"replies":[{"embeddable":true,"href":"https:\/\/www.visionweb.com.ar\/index.php?rest_route=%2Fwp%2Fv2%2Fcomments&post=16340"}],"version-history":[{"count":1,"href":"https:\/\/www.visionweb.com.ar\/index.php?rest_route=\/wp\/v2\/posts\/16340\/revisions"}],"predecessor-version":[{"id":16342,"href":"https:\/\/www.visionweb.com.ar\/index.php?rest_route=\/wp\/v2\/posts\/16340\/revisions\/16342"}],"wp:featuredmedia":[{"embeddable":true,"href":"https:\/\/www.visionweb.com.ar\/index.php?rest_route=\/wp\/v2\/media\/16341"}],"wp:attachment":[{"href":"https:\/\/www.visionweb.com.ar\/index.php?rest_route=%2Fwp%2Fv2%2Fmedia&parent=16340"}],"wp:term":[{"taxonomy":"category","embeddable":true,"href":"https:\/\/www.visionweb.com.ar\/index.php?rest_route=%2Fwp%2Fv2%2Fcategories&post=16340"},{"taxonomy":"post_tag","embeddable":true,"href":"https:\/\/www.visionweb.com.ar\/index.php?rest_route=%2Fwp%2Fv2%2Ftags&post=16340"}],"curies":[{"name":"wp","href":"https:\/\/api.w.org\/{rel}","templated":true}]}}