{"id":16333,"date":"2024-11-06T12:21:56","date_gmt":"2024-11-06T15:21:56","guid":{"rendered":"https:\/\/www.visionweb.com.ar\/?p=16333"},"modified":"2024-11-06T12:22:16","modified_gmt":"2024-11-06T15:22:16","slug":"autopista-presidente-peron-gobernacion-yu-municipios-firman-convenio","status":"publish","type":"post","link":"https:\/\/www.visionweb.com.ar\/?p=16333","title":{"rendered":"Autopista Presidente Per\u00f3n: Gobernaci\u00f3n y municipios firman convenio"},"content":{"rendered":"<p><em><strong>La obra, una vez finalizada, evitar\u00e1 el ingreso a la ciudad de Buenos Aires y, permitir\u00e1 acortar considerablemente el tiempo de viaje desde La Plata a Pilar o Mor\u00f3n.<\/strong><\/em><br \/>\n<!--more--><\/p>\n<p><img loading=\"lazy\" decoding=\"async\" class=\"size-medium wp-image-16334 alignright\" src=\"https:\/\/www.visionweb.com.ar\/wp-content\/uploads\/2024\/11\/AUTOPISTA-PRESIDENTE-PERON-300x169.png\" alt=\"\" width=\"300\" height=\"169\" srcset=\"https:\/\/www.visionweb.com.ar\/wp-content\/uploads\/2024\/11\/AUTOPISTA-PRESIDENTE-PERON-300x169.png 300w, https:\/\/www.visionweb.com.ar\/wp-content\/uploads\/2024\/11\/AUTOPISTA-PRESIDENTE-PERON.png 640w\" sizes=\"auto, (max-width: 300px) 100vw, 300px\" \/>Con el objetivo de poner en marcha la constituci\u00f3n del consorcio de gesti\u00f3n y desarrollo de la autopista Presidente Per\u00f3n, la gobernaci\u00f3n bonaerense y varios municipios del sur del Gran Buenos aires firmaron un convenio de cooperaci\u00f3n.<\/p>\n<p>El acuerdo fue firmado por\u00a0 el gobernador bonaerense, Axel Kicillof y los intendentes\u00a0Gast\u00f3n Granados (Ezeiza), Andr\u00e9s Watson (Florencio Varela), Pablo Descalzo (Ituzaing\u00f3), Gustavo Men\u00e9ndez (Merlo) y Nicol\u00e1s Mantegazza (San Vicente), anunci\u00f3 el mandatario provincial.<\/p>\n<p>Desde la provincia se\u00f1alaron que se trata de un acto que institucionaliza el trabajo que se viene realizando en conjunto: \u201cDemuestra nuestra voluntad de hacernos cargo de este corredor clave que hoy se encuentra abandonado por el Gobierno nacional\u201d, sostuvo Kicillof.<\/p>\n<div id=\"attachment_16335\" style=\"width: 310px\" class=\"wp-caption alignleft\"><img loading=\"lazy\" decoding=\"async\" aria-describedby=\"caption-attachment-16335\" class=\"wp-image-16335 size-medium\" src=\"https:\/\/www.visionweb.com.ar\/wp-content\/uploads\/2024\/11\/ACUERDO-POR-AUTOPISTA-300x169.png\" alt=\"\" width=\"300\" height=\"169\" srcset=\"https:\/\/www.visionweb.com.ar\/wp-content\/uploads\/2024\/11\/ACUERDO-POR-AUTOPISTA-300x169.png 300w, https:\/\/www.visionweb.com.ar\/wp-content\/uploads\/2024\/11\/ACUERDO-POR-AUTOPISTA.png 640w\" sizes=\"auto, (max-width: 300px) 100vw, 300px\" \/><p id=\"caption-attachment-16335\" class=\"wp-caption-text\"><em><strong>Los intendentes Gast\u00f3n Granados (Ezeiza), Nicolas Mantegazza (San Vicente), el gobernador Axeli Kicillos y la la vice gobernadora, Ver\u00f3nica Magarios, en la firma del convenio.<\/strong><\/em><\/p><\/div>\n<p>\u201cSi Milei insiste en su plan de obra p\u00fablica cero, necesitamos que nos transfiera la jurisdicci\u00f3n para que desde la Provincia podamos finalizar esta obra estructural y estrat\u00e9gica para la conectividad y el desarrollo de la zona sur del conurbano bonaerense\u201d, reclam\u00f3 el gobernasdor Kicillof.<\/p>\n<p>De los<strong> 83 km que posee el corredor, se finalizaron 52 durante el gobierno anterior y -en mayo- faltaban terminar dos tramos: uno de 6 km entre el Camino del Buen Ayre y Merlo, y otro 25 km desde la Ruta 210 en Guernica hasta la Ruta 2<\/strong>.<\/p>\n<p>La obra estrat\u00e9gica conformar\u00e1 el tercer anillo de circunvalaci\u00f3n del AMBA, conectar\u00e1 12 municipios bonaerenses y beneficiar\u00e1 la circulaci\u00f3n y la seguridad vial de 12 millones de personas.<\/p>\n<p>A principios de <strong>diciembre de 2023, el entonces ministerio de Obras P\u00fabicas de la Naci\u00f3n, a trav\u00e9s de Vialidad Nacional, llevaba invertidos m\u00e1s de 70 mil millones de pesos. <\/strong><\/p>\n<p>La nueva Autopista Presidente Per\u00f3n, a esa fecha,\u00a0 presentaba un 88% de avance promedio en los tres tramos que se encontraban en ejecuci\u00f3n.<\/p>\n<p>La obra, una vez finalizada, mejorar\u00e1 la circulaci\u00f3n de cerca de 50.000 veh\u00edculos por d\u00eda y, al evitar el ingreso a la ciudad de Buenos Aires, permitir\u00e1 acortar considerablemente el tiempo de viaje desde La Plata a Pilar o Mor\u00f3n.<\/p>\n<p>Adem\u00e1s integrar\u00e1 de forma directa a m\u00e1s de 12 municipios bonaerenses \u2013San Isidro, San Mart\u00edn, Tres de Febrero, Hurlingham, Ituzaing\u00f3, Merlo, La Matanza, Ezeiza, San Vicente, Presidente Per\u00f3n, Florencio Varela y Berazategui\u2013 y conectar\u00e1 con todos los accesos a la Ciudad Aut\u00f3noma de Buenos Aires, conformando el tercer anillo de circunvalaci\u00f3n al \u00c1rea Metropolitana de Buenos Aires<strong>(VW)<\/strong>.<\/p>\n<p>&nbsp;<\/p>\n","protected":false},"excerpt":{"rendered":"<p>La obra, una vez finalizada, evitar\u00e1 el ingreso a la ciudad de Buenos Aires y, permitir\u00e1 acortar considerablemente el tiempo de viaje desde La Plata a Pilar o Mor\u00f3n.<\/p>\n","protected":false},"author":3,"featured_media":16334,"comment_status":"closed","ping_status":"closed","sticky":false,"template":"","format":"standard","meta":{"_monsterinsights_skip_tracking":false,"_monsterinsights_sitenote_active":false,"_monsterinsights_sitenote_note":"","_monsterinsights_sitenote_category":0,"footnotes":""},"categories":[8],"tags":[4637,6910,148],"class_list":["post-16333","post","type-post","status-publish","format-standard","has-post-thumbnail","hentry","category-interes-general","tag-autopista","tag-cinturon","tag-municipios"],"_links":{"self":[{"href":"https:\/\/www.visionweb.com.ar\/index.php?rest_route=\/wp\/v2\/posts\/16333","targetHints":{"allow":["GET"]}}],"collection":[{"href":"https:\/\/www.visionweb.com.ar\/index.php?rest_route=\/wp\/v2\/posts"}],"about":[{"href":"https:\/\/www.visionweb.com.ar\/index.php?rest_route=\/wp\/v2\/types\/post"}],"author":[{"embeddable":true,"href":"https:\/\/www.visionweb.com.ar\/index.php?rest_route=\/wp\/v2\/users\/3"}],"replies":[{"embeddable":true,"href":"https:\/\/www.visionweb.com.ar\/index.php?rest_route=%2Fwp%2Fv2%2Fcomments&post=16333"}],"version-history":[{"count":2,"href":"https:\/\/www.visionweb.com.ar\/index.php?rest_route=\/wp\/v2\/posts\/16333\/revisions"}],"predecessor-version":[{"id":16337,"href":"https:\/\/www.visionweb.com.ar\/index.php?rest_route=\/wp\/v2\/posts\/16333\/revisions\/16337"}],"wp:featuredmedia":[{"embeddable":true,"href":"https:\/\/www.visionweb.com.ar\/index.php?rest_route=\/wp\/v2\/media\/16334"}],"wp:attachment":[{"href":"https:\/\/www.visionweb.com.ar\/index.php?rest_route=%2Fwp%2Fv2%2Fmedia&parent=16333"}],"wp:term":[{"taxonomy":"category","embeddable":true,"href":"https:\/\/www.visionweb.com.ar\/index.php?rest_route=%2Fwp%2Fv2%2Fcategories&post=16333"},{"taxonomy":"post_tag","embeddable":true,"href":"https:\/\/www.visionweb.com.ar\/index.php?rest_route=%2Fwp%2Fv2%2Ftags&post=16333"}],"curies":[{"name":"wp","href":"https:\/\/api.w.org\/{rel}","templated":true}]}}