{"id":16326,"date":"2024-11-05T20:48:02","date_gmt":"2024-11-05T23:48:02","guid":{"rendered":"https:\/\/www.visionweb.com.ar\/?p=16326"},"modified":"2024-11-05T20:48:02","modified_gmt":"2024-11-05T23:48:02","slug":"ate-nueva-movilizacion-el-jueves-y-paro-general-en-analisis","status":"publish","type":"post","link":"https:\/\/www.visionweb.com.ar\/?p=16326","title":{"rendered":"ATE: Nueva movilizaci\u00f3n el jueves y \u201cparo general\u201d en an\u00e1lisis"},"content":{"rendered":"<p><em><strong>La jornada de protesta se replicar\u00e1 en todas las provincias, con asambleas, radios abiertas y cortes de rutas. Comenzar\u00e1 en CABA desde las 9 am.<\/strong><\/em><!--more--><\/p>\n<p><strong><img loading=\"lazy\" decoding=\"async\" class=\"size-medium wp-image-13653 alignright\" src=\"https:\/\/www.visionweb.com.ar\/wp-content\/uploads\/2024\/02\/Paro-de-ATE-300x152.png\" alt=\"\" width=\"300\" height=\"152\" srcset=\"https:\/\/www.visionweb.com.ar\/wp-content\/uploads\/2024\/02\/Paro-de-ATE-300x152.png 300w, https:\/\/www.visionweb.com.ar\/wp-content\/uploads\/2024\/02\/Paro-de-ATE.png 575w\" sizes=\"auto, (max-width: 300px) 100vw, 300px\" \/>\u00a0\u00a0\u00a0\u00a0 L<\/strong>a Asociaci\u00f3n de Trabajadores del Estado (<strong>ATE<\/strong>) convoc\u00f3 a\u00a0<strong>una nueva movilizaci\u00f3n para este jueves<\/strong>, en contra de la \u00faltima negociaci\u00f3n salarial, a la vez eval\u00faa la posibilidad de un paro general antes de fin de mes.<\/p>\n<p>Este p<strong>lan de lucha contar\u00e1 con una serie de protestas en todo el pa\u00eds<\/strong>. La movilizaci\u00f3n que se llevar\u00e1 a cabo en Capital Federal comenzar\u00e1 en la Legislatura porte\u00f1a a partir de las 9 de la ma\u00f1ana, continuar\u00e1 a las 11 en el Ministerio de Hacienda porte\u00f1o y culminar\u00e1 a las 13 en el Ministerio de Econom\u00eda de la Naci\u00f3n.<\/p>\n<p>Durante la jornada de protesta, que se replicar\u00e1 en todas las provincias, adem\u00e1s de paros,<strong>\u00a0se realizar\u00e1n asambleas, radios abiertas y cortes de rutas.<\/strong><\/p>\n<p>En esa l\u00ednea, el<strong> secretario general de ATE,<\/strong> <strong>Rodolfo Aguiar, <\/strong>detall\u00f3: \u201c<strong>La \u00faltima paritaria fue escandalosa<\/strong>. Un acuerdo que se celebr\u00f3 a escondidas, fuera de todos los \u00e1mbitos institucionales, mediante el cual se aplic\u00f3 una rebaja salarial sin precedentes en el sector p\u00fablico\u201d.<\/p>\n<p>Asimismo, el dirigente sostuvo que la iniciativa de la huelga general tiene como fin<strong>\u00a0\u201cterminar con la farsa\u201d\u00a0<\/strong>de la negociaci\u00f3n de las paritarias y buscar una que \u201cpermita la recuperaci\u00f3n de los deteriorados ingresos en la Administraci\u00f3n P\u00fablica\u201d.<\/p>\n<p>\u201cAunque el Gobierno hable de la baja de la inflaci\u00f3n o de una estabilizaci\u00f3n de los \u00edndices macroecon\u00f3micos, eso no se traduce en una mejora de los ingresos.\u00a0<strong>La estructura de gastos mensuales que tienen las familias sigue en aumento<\/strong>\u201d, indic\u00f3 Aguiar.<\/p>\n<p>El sindicato reclamar\u00e1\u00a0<strong>contra el \u201cmiserable\u201d aumento otorgado por el gobierno del presidente Javier Milei<\/strong>, que se traduce en un 2% m\u00e1s para el mes de noviembre, un 1% para diciembre y un bono de $30.000 por \u00fanica vez.<\/p>\n<p>\u201cEl incremento de los combustibles, las tarifas de servicios y los alquileres tienen un efecto acumulativo y cada vez comprenden un porcentaje m\u00e1s alto de los sueldos de los empleados p\u00fablicos. <strong>Las acciones que vamos a llevar adelante esta semana tienen que convertirse en la antesala de una nueva huelga general<\/strong>\u201d, concluy\u00f3. <strong>(VW)<\/strong><\/p>\n","protected":false},"excerpt":{"rendered":"<p>La jornada de protesta se replicar\u00e1 en todas las provincias, con asambleas, radios abiertas y cortes de rutas. Comenzar\u00e1 en CABA desde las 9 am.<\/p>\n","protected":false},"author":4,"featured_media":13653,"comment_status":"closed","ping_status":"closed","sticky":false,"template":"","format":"standard","meta":{"_monsterinsights_skip_tracking":false,"_monsterinsights_sitenote_active":false,"_monsterinsights_sitenote_note":"","_monsterinsights_sitenote_category":0,"footnotes":""},"categories":[4],"tags":[2719,2289,6909],"class_list":["post-16326","post","type-post","status-publish","format-standard","has-post-thumbnail","hentry","category-politica","tag-ate","tag-movilizacion","tag-nuevo-paro-en-analisis"],"_links":{"self":[{"href":"https:\/\/www.visionweb.com.ar\/index.php?rest_route=\/wp\/v2\/posts\/16326","targetHints":{"allow":["GET"]}}],"collection":[{"href":"https:\/\/www.visionweb.com.ar\/index.php?rest_route=\/wp\/v2\/posts"}],"about":[{"href":"https:\/\/www.visionweb.com.ar\/index.php?rest_route=\/wp\/v2\/types\/post"}],"author":[{"embeddable":true,"href":"https:\/\/www.visionweb.com.ar\/index.php?rest_route=\/wp\/v2\/users\/4"}],"replies":[{"embeddable":true,"href":"https:\/\/www.visionweb.com.ar\/index.php?rest_route=%2Fwp%2Fv2%2Fcomments&post=16326"}],"version-history":[{"count":1,"href":"https:\/\/www.visionweb.com.ar\/index.php?rest_route=\/wp\/v2\/posts\/16326\/revisions"}],"predecessor-version":[{"id":16327,"href":"https:\/\/www.visionweb.com.ar\/index.php?rest_route=\/wp\/v2\/posts\/16326\/revisions\/16327"}],"wp:featuredmedia":[{"embeddable":true,"href":"https:\/\/www.visionweb.com.ar\/index.php?rest_route=\/wp\/v2\/media\/13653"}],"wp:attachment":[{"href":"https:\/\/www.visionweb.com.ar\/index.php?rest_route=%2Fwp%2Fv2%2Fmedia&parent=16326"}],"wp:term":[{"taxonomy":"category","embeddable":true,"href":"https:\/\/www.visionweb.com.ar\/index.php?rest_route=%2Fwp%2Fv2%2Fcategories&post=16326"},{"taxonomy":"post_tag","embeddable":true,"href":"https:\/\/www.visionweb.com.ar\/index.php?rest_route=%2Fwp%2Fv2%2Ftags&post=16326"}],"curies":[{"name":"wp","href":"https:\/\/api.w.org\/{rel}","templated":true}]}}