{"id":16311,"date":"2024-11-05T11:11:36","date_gmt":"2024-11-05T14:11:36","guid":{"rendered":"https:\/\/www.visionweb.com.ar\/?p=16311"},"modified":"2024-11-05T11:11:36","modified_gmt":"2024-11-05T14:11:36","slug":"las-ventas-minoristas-pyme-subieron-29-interanual-en-octubre","status":"publish","type":"post","link":"https:\/\/www.visionweb.com.ar\/?p=16311","title":{"rendered":"Las ventas minoristas pyme subieron 2,9% interanual en octubre"},"content":{"rendered":"<p><em><strong>El D\u00eda de la Madre, la estabilidad de precios, las ofertas interesantes del mercado y las mayores opciones de financiamiento le devolvieron algo de dinamismo al consumo que ven\u00eda con una ca\u00edda sostenida.<\/strong><\/em><!--more--><\/p>\n<p><img loading=\"lazy\" decoding=\"async\" class=\"size-medium wp-image-1993 alignright\" src=\"https:\/\/www.visionweb.com.ar\/wp-content\/uploads\/2021\/06\/comercios-la-plata-300x171.jpg\" alt=\"\" width=\"300\" height=\"171\" srcset=\"https:\/\/www.visionweb.com.ar\/wp-content\/uploads\/2021\/06\/comercios-la-plata-300x171.jpg 300w, https:\/\/www.visionweb.com.ar\/wp-content\/uploads\/2021\/06\/comercios-la-plata-768x438.jpg 768w, https:\/\/www.visionweb.com.ar\/wp-content\/uploads\/2021\/06\/comercios-la-plata.jpg 800w\" sizes=\"auto, (max-width: 300px) 100vw, 300px\" \/>Las ventas minoristas pymes subieron 2,9% interanual en octubre, a precios constantes, y acumulan una ca\u00edda de 13,2% en los primeros diez meses del a\u00f1o. En la comparaci\u00f3n mensual desestacionalizada, crecieron 7,4%. Sin embargo, un 51% de los empresarios, seg\u00fan la encuesta, sigue manifestando que el principal obst\u00e1culo que enfrenta la pyme es la falta de ventas.<\/p>\n<p>El resultado del mes dej\u00f3 a los comerciantes una visi\u00f3n incierta sobre lo que puede esperarse para fin de a\u00f1o. Para algunos, el comportamiento de la demanda deja expectativas positivas, y para otros, los n\u00fameros no alcanzan para pensar en terminar el 2024 con ventas a pleno.<\/p>\n<p>As\u00ed surge del \u00cdndice de Ventas Minoristas Pymes de la Confederaci\u00f3n Argentina de la Mediana Empresa (CAME), elaborado en base a un relevamiento mensual entre 1.300 comercios minoristas del pa\u00eds, realizado del 1 y 2 de noviembre.<\/p>\n<p><strong>An\u00e1lisis sectorial<\/strong><\/p>\n<p>En octubre, cuatro de los siete sectores relevados registraron subas interanuales en sus ventas. El mayor incremento se detect\u00f3 en Calzado y marroquiner\u00eda (+10,3%), seguido por Alimentos y bebidas (+5,8%) y Textil e Indumentaria (+4,8%). En cambio, declinaron Perfumer\u00edas (-15%) y Bazar, decoraci\u00f3n, textiles de hogar (-7,4%). En el acumulado del a\u00f1o, la mayor baja la llevan tambi\u00e9n Perfumer\u00edas (-29,3%) y Farmacias (-23,2%).<\/p>\n<p><strong>Alimentos y bebidas<\/strong><\/p>\n<p><img loading=\"lazy\" decoding=\"async\" class=\"size-medium wp-image-16312 alignleft\" src=\"https:\/\/www.visionweb.com.ar\/wp-content\/uploads\/2024\/11\/INDICE-DE-VENTAS-MINORISTAS-300x183.png\" alt=\"\" width=\"300\" height=\"183\" srcset=\"https:\/\/www.visionweb.com.ar\/wp-content\/uploads\/2024\/11\/INDICE-DE-VENTAS-MINORISTAS-300x183.png 300w, https:\/\/www.visionweb.com.ar\/wp-content\/uploads\/2024\/11\/INDICE-DE-VENTAS-MINORISTAS.png 706w\" sizes=\"auto, (max-width: 300px) 100vw, 300px\" \/>Las ventas subieron 5,8% interanual en octubre, a precios constantes y acumulan un descenso de 16,3% en los primeros diez meses del a\u00f1o frente al mismo periodo de 2023. En tanto, la comparaci\u00f3n intermensual no percibi\u00f3 variaciones.<\/p>\n<p>El sector parece haber encontrado un piso, y octubre podr\u00eda ser el inicio de un ciclo de recuperaci\u00f3n suave. Los comerciantes observaron una fuerte competencia de precios en el mes, que oblig\u00f3 a bajar el valor de ciertos productos aun cuando eso implicara menores m\u00e1rgenes. Hubo m\u00e1s problemas de cobranzas que lo habitual, y costos fijos que siguen en alza. En algunos locales se dieron situaciones de d\u00edas con muchas ventas y otros muy bajos. Las marcas alternativas estuvieron entre las m\u00e1s buscadas.<\/p>\n<p><strong>Bazar y decoraci\u00f3n<\/strong><\/p>\n<p>Se registr\u00f3 una disminuci\u00f3n del 7,4% en octubre, siempre interanual y a precios constantes, que acumula una ca\u00edda de 15,1% en los primeros diez meses del a\u00f1o frente al mismo periodo del a\u00f1o pasado. Por su parte, en el contraste intermensual crecieron 7,4%.<\/p>\n<p>Los comercios sumaron m\u00e1s variedad de productos, con mayor presencia de importados, y mantuvieron los precios estables con relaci\u00f3n a meses anteriores. Pero, aun as\u00ed, la gente se volc\u00f3 a productos necesarios, postergando compras de segunda necesidad. El D\u00eda de la Madre influy\u00f3 menos de lo esperado. El ramo m\u00e1s buscado en esta categor\u00eda fueron los textiles del hogar, y el de menor demanda, fueron los productos de decoraci\u00f3n.<\/p>\n<p><strong>Calzado y marroquiner\u00eda<\/strong><\/p>\n<p>Las ventas mejoraron 10,3% en octubre, a precios constantes, y acumulan una retracci\u00f3n de 8,2%, siempre contra los primeros diez meses del 2023. En la comparaci\u00f3n intermensual subieron 9,7%.<\/p>\n<p>La llegada del calor activ\u00f3 la venta del calzado liviano, especialmente de mujer. Tambi\u00e9n el deportivo tuvo buena salida frente a la posibilidad de adquirirlo en cuotas sin inter\u00e9s. Las tiendas orientadas a calzado de cuero tuvieron un mes m\u00e1s dif\u00edcil que el resto, donde la tendencia fue buscar s\u00edmil cuero, sint\u00e9tico, pl\u00e1stico u otros materiales m\u00e1s econ\u00f3micos. Hubo mucha venta informal, no porque se hayan registrados m\u00e1s puestos en la calle de lo habitual, sino porque m\u00e1s gente se orient\u00f3 a ellos en perjuicio del comercio formal. En art\u00edculos de marroquiner\u00eda, las carteras y billeteras tuvieron un mes con buena venta, seg\u00fan los comercios consultados.<\/p>\n<p><strong>Farmacia<\/strong><\/p>\n<p>Las ventas bajaron 0,2% interanual y suman as\u00ed un declive de 23,2% en los primeros diez meses del a\u00f1o, contra el mismo periodo de 2023. En la comparaci\u00f3n intermensual, subieron 7,8%.<\/p>\n<p>Se activ\u00f3 la venta de repelentes, algo de protectores solares, mientras que los medicamentos mostraron una leve retracci\u00f3n. En los comercios medidos se\u00f1alaron que la gente continu\u00f3 orient\u00e1ndose a las marcas econ\u00f3micas, y a llevar dosis chicas. Se not\u00f3 la falta de poder adquisitivo familiar, porque el consumo se limit\u00f3 a lo necesario. Hubo, por ejemplo, menos ventas de vitaminas y productos dermatol\u00f3gicos, y la demanda estuvo sujeta a las ofertas propuestas.<\/p>\n<p><strong>Ferreter\u00eda<\/strong><\/p>\n<p>Las ventas tuvieron un alza del 2,8%, a precios constantes, mientras la ca\u00edda acumulada es del 14,1% en los primeros diez meses 2024, frente al a\u00f1o pasado. En la comparaci\u00f3n intermensual, aumentaron 9,3%.<\/p>\n<p>A pesar de la modesta recuperaci\u00f3n, se observ\u00f3 mucho optimismo en el sector por la estabilidad de precios y las opciones de financiamiento, ya que es un rubro muy dependiente de esas condiciones. Hay m\u00e1s decisiones de refacciones en el segmento hogares que empujaron la venta en ferreter\u00edas, corralones, materiales el\u00e9ctricos y en productos como revestimientos.<\/p>\n<p><strong>Textiles<\/strong><\/p>\n<p>Hubo un progreso de 4,8% interanual en octubre, y acumula una mejora de 1,6% hasta este periodo medido del del a\u00f1o con relaci\u00f3n al 2023. En la comparaci\u00f3n intermensual, aumentaron 4%.<\/p>\n<p>El D\u00eda de la Madre tuvo una incidencia muy fuerte en el resultado, especialmente en el caso de comercios orientados al segmento femenino. Aunque el tir\u00f3n de ventas de esos d\u00edas tambi\u00e9n se reflej\u00f3 en el resto de los rubros que, para no quedar atr\u00e1s, ofrecieron muy buenas promociones. Prevalecieron los 2&#215;1 en prendas de invierno como buzos, pul\u00f3veres y camperas que se sumaron en algunos casos a promociones de los bancos<strong>(VW)<\/strong>.<\/p>\n","protected":false},"excerpt":{"rendered":"<p>El D\u00eda de la Madre, la estabilidad de precios, las ofertas interesantes del mercado y las mayores opciones de financiamiento le devolvieron algo de dinamismo al consumo que ven\u00eda con una ca\u00edda sostenida.<\/p>\n","protected":false},"author":3,"featured_media":4406,"comment_status":"closed","ping_status":"closed","sticky":false,"template":"","format":"standard","meta":{"_monsterinsights_skip_tracking":false,"_monsterinsights_sitenote_active":false,"_monsterinsights_sitenote_note":"","_monsterinsights_sitenote_category":0,"footnotes":""},"categories":[8],"tags":[3918,3917,1455],"class_list":["post-16311","post","type-post","status-publish","format-standard","has-post-thumbnail","hentry","category-interes-general","tag-farmacia","tag-minoristas","tag-textiles"],"_links":{"self":[{"href":"https:\/\/www.visionweb.com.ar\/index.php?rest_route=\/wp\/v2\/posts\/16311","targetHints":{"allow":["GET"]}}],"collection":[{"href":"https:\/\/www.visionweb.com.ar\/index.php?rest_route=\/wp\/v2\/posts"}],"about":[{"href":"https:\/\/www.visionweb.com.ar\/index.php?rest_route=\/wp\/v2\/types\/post"}],"author":[{"embeddable":true,"href":"https:\/\/www.visionweb.com.ar\/index.php?rest_route=\/wp\/v2\/users\/3"}],"replies":[{"embeddable":true,"href":"https:\/\/www.visionweb.com.ar\/index.php?rest_route=%2Fwp%2Fv2%2Fcomments&post=16311"}],"version-history":[{"count":1,"href":"https:\/\/www.visionweb.com.ar\/index.php?rest_route=\/wp\/v2\/posts\/16311\/revisions"}],"predecessor-version":[{"id":16313,"href":"https:\/\/www.visionweb.com.ar\/index.php?rest_route=\/wp\/v2\/posts\/16311\/revisions\/16313"}],"wp:featuredmedia":[{"embeddable":true,"href":"https:\/\/www.visionweb.com.ar\/index.php?rest_route=\/wp\/v2\/media\/4406"}],"wp:attachment":[{"href":"https:\/\/www.visionweb.com.ar\/index.php?rest_route=%2Fwp%2Fv2%2Fmedia&parent=16311"}],"wp:term":[{"taxonomy":"category","embeddable":true,"href":"https:\/\/www.visionweb.com.ar\/index.php?rest_route=%2Fwp%2Fv2%2Fcategories&post=16311"},{"taxonomy":"post_tag","embeddable":true,"href":"https:\/\/www.visionweb.com.ar\/index.php?rest_route=%2Fwp%2Fv2%2Ftags&post=16311"}],"curies":[{"name":"wp","href":"https:\/\/api.w.org\/{rel}","templated":true}]}}