{"id":16303,"date":"2024-11-04T12:18:24","date_gmt":"2024-11-04T15:18:24","guid":{"rendered":"https:\/\/www.visionweb.com.ar\/?p=16303"},"modified":"2024-11-04T12:18:24","modified_gmt":"2024-11-04T15:18:24","slug":"kicillof-y-los-intendentes-bonaerenses-pediran-a-milei-la-reactivacion-de-la-obra-publica","status":"publish","type":"post","link":"https:\/\/www.visionweb.com.ar\/?p=16303","title":{"rendered":"Kicillof y los intendentes bonaerenses pedir\u00e1n a Milei la reactivaci\u00f3n de la obra p\u00fablica"},"content":{"rendered":"<p><em><strong>El gobernador calific\u00f3 el freno de la obra p\u00fablica como \u201cun crimen social\u201d. Bianco cuestion\u00f3 el oportunismo del PRO.<\/strong><\/em><!--more--><\/p>\n<p><img loading=\"lazy\" decoding=\"async\" class=\"size-medium wp-image-4883 alignright\" src=\"https:\/\/www.visionweb.com.ar\/wp-content\/uploads\/2022\/03\/EL-MUNICIPIO-PAVIMENTOS-300x200.jpg\" alt=\"\" width=\"300\" height=\"200\" srcset=\"https:\/\/www.visionweb.com.ar\/wp-content\/uploads\/2022\/03\/EL-MUNICIPIO-PAVIMENTOS-300x200.jpg 300w, https:\/\/www.visionweb.com.ar\/wp-content\/uploads\/2022\/03\/EL-MUNICIPIO-PAVIMENTOS.jpg 574w\" sizes=\"auto, (max-width: 300px) 100vw, 300px\" \/>En medio de la pol\u00edtica de ajuste en la obra p\u00fablica que aplic\u00f3 el Gobierno de Javier Milei, el gobernador Axel Kicillof convoc\u00f3 a intendentes \u201cpropios\u201d y de la oposici\u00f3n a firmar un reclamo conjunto para que se reactiven las obras en el territorio bonaerense al considerar que ese freno \u201ces un crimen social\u201d.<\/p>\n<p>El mensaje de Kicillof, al que se sum\u00f3 tambi\u00e9n el ministro de Gobierno, Carlos Bianco, llega despu\u00e9s que un grupo de diputados provinciales del PRO le exigi\u00f3 al gobernador que\u00a0interceda para la construcci\u00f3n\u00a0\u201curgente\u201d de una autopista sobre la Ruta Nacional N\u00b05,\u00a0por tratarse de la segunda carretera m\u00e1s peligrosa a nivel nacional.<\/p>\n<p>\u201cNuestra oposici\u00f3n me pide que insista y me parece bien que se pliegue al reclamo. A lo largo de esta semana estar\u00e9 invitando a los intendentes de todas las fuerzas pol\u00edticas a firmar con nosotros un reclamo conjunto al Gobierno de Milei. Las rutas nacionales sin inversi\u00f3n se deterioran y se vuelven m\u00e1s peligrosas. Las obras abandonadas se vandalizan e intrusan. No son un rengl\u00f3n de una planilla, son obras que mejoran la integraci\u00f3n, obras que educan, curan y que generan empleos. El pa\u00eds sin obras pierde derechos y oportunidades, pierde futuro\u201d, escribi\u00f3 Kicillof en las redes sociales.<\/p>\n<p>El mensaje llega despu\u00e9s del tr\u00e1gico accidente del s\u00e1bado entre un cami\u00f3n cisterna y una combi que transportaba polic\u00edas bonaerenses en la intersecci\u00f3n de la Ruta Nacional 7 y la Ruta Provincial 51 en Carmen de Areco, que dej\u00f3 un saldo fatal de cuatro fallecidos y al menos 19 heridos.<\/p>\n<p>En ese sentido, Bianco, en conferencia de prensa cuestion\u00f3 el reclamo \u201coportunista\u201d de legisladores del PRO contra la falta de obras p\u00fablicas. \u201cLe estamos pidiendo a Milei que no abandonen las obras desde el primer d\u00eda. Ser\u00eda bueno que le reclamen directamente al Gobierno nacional, porque ellos cogobiernan. O que se lo pidan a (Mauricio) Macri que come milanesa seguido con Milei\u201d, se\u00f1al\u00f3 Bianco.<\/p>\n<p>Y agreg\u00f3: \u201cLa pol\u00edtica de obra p\u00fablica cero a veces se paga con la vida. En vez de hacer papelones en los medios, los invitamos a que reclamen directamente a Milei\u201d.<strong>(VW)<\/strong><\/p>\n","protected":false},"excerpt":{"rendered":"<p>El gobernador calific\u00f3 el freno de la obra p\u00fablica como \u201cun crimen social\u201d. Bianco cuestion\u00f3 el oportunismo del PRO.<\/p>\n","protected":false},"author":3,"featured_media":4883,"comment_status":"closed","ping_status":"closed","sticky":false,"template":"","format":"standard","meta":{"_monsterinsights_skip_tracking":false,"_monsterinsights_sitenote_active":false,"_monsterinsights_sitenote_note":"","_monsterinsights_sitenote_category":0,"footnotes":""},"categories":[8,4],"tags":[264,167,641],"class_list":["post-16303","post","type-post","status-publish","format-standard","has-post-thumbnail","hentry","category-interes-general","category-politica","tag-intendentes","tag-kicillof","tag-obra-publica"],"_links":{"self":[{"href":"https:\/\/www.visionweb.com.ar\/index.php?rest_route=\/wp\/v2\/posts\/16303","targetHints":{"allow":["GET"]}}],"collection":[{"href":"https:\/\/www.visionweb.com.ar\/index.php?rest_route=\/wp\/v2\/posts"}],"about":[{"href":"https:\/\/www.visionweb.com.ar\/index.php?rest_route=\/wp\/v2\/types\/post"}],"author":[{"embeddable":true,"href":"https:\/\/www.visionweb.com.ar\/index.php?rest_route=\/wp\/v2\/users\/3"}],"replies":[{"embeddable":true,"href":"https:\/\/www.visionweb.com.ar\/index.php?rest_route=%2Fwp%2Fv2%2Fcomments&post=16303"}],"version-history":[{"count":1,"href":"https:\/\/www.visionweb.com.ar\/index.php?rest_route=\/wp\/v2\/posts\/16303\/revisions"}],"predecessor-version":[{"id":16304,"href":"https:\/\/www.visionweb.com.ar\/index.php?rest_route=\/wp\/v2\/posts\/16303\/revisions\/16304"}],"wp:featuredmedia":[{"embeddable":true,"href":"https:\/\/www.visionweb.com.ar\/index.php?rest_route=\/wp\/v2\/media\/4883"}],"wp:attachment":[{"href":"https:\/\/www.visionweb.com.ar\/index.php?rest_route=%2Fwp%2Fv2%2Fmedia&parent=16303"}],"wp:term":[{"taxonomy":"category","embeddable":true,"href":"https:\/\/www.visionweb.com.ar\/index.php?rest_route=%2Fwp%2Fv2%2Fcategories&post=16303"},{"taxonomy":"post_tag","embeddable":true,"href":"https:\/\/www.visionweb.com.ar\/index.php?rest_route=%2Fwp%2Fv2%2Ftags&post=16303"}],"curies":[{"name":"wp","href":"https:\/\/api.w.org\/{rel}","templated":true}]}}