{"id":16300,"date":"2024-11-04T11:59:51","date_gmt":"2024-11-04T14:59:51","guid":{"rendered":"https:\/\/www.visionweb.com.ar\/?p=16300"},"modified":"2024-11-04T11:59:51","modified_gmt":"2024-11-04T14:59:51","slug":"tren-patagonico-vuelve-a-funcionar-el-servicio-que-conecta-san-antonio-oeste-con-bariloche","status":"publish","type":"post","link":"https:\/\/www.visionweb.com.ar\/?p=16300","title":{"rendered":"Tren Patag\u00f3nico: Vuelve a funcionar el servicio que conecta San Antonio Oeste con Bariloche"},"content":{"rendered":"<p><em><strong>Desde el Gobierno se\u00f1alaron que el lanzamiento del servicio representa la etapa inicial de la recuperaci\u00f3n del tren tradicional. El servicio hab\u00eda sido suspendido en enero.<\/strong><\/em><!--more--><\/p>\n<p><img loading=\"lazy\" decoding=\"async\" class=\"size-medium wp-image-16301 alignright\" src=\"https:\/\/www.visionweb.com.ar\/wp-content\/uploads\/2024\/11\/TREN-PATAGONICO-300x300.png\" alt=\"\" width=\"300\" height=\"300\" srcset=\"https:\/\/www.visionweb.com.ar\/wp-content\/uploads\/2024\/11\/TREN-PATAGONICO-300x300.png 300w, https:\/\/www.visionweb.com.ar\/wp-content\/uploads\/2024\/11\/TREN-PATAGONICO-150x150.png 150w, https:\/\/www.visionweb.com.ar\/wp-content\/uploads\/2024\/11\/TREN-PATAGONICO-80x80.png 80w, https:\/\/www.visionweb.com.ar\/wp-content\/uploads\/2024\/11\/TREN-PATAGONICO-320x320.png 320w, https:\/\/www.visionweb.com.ar\/wp-content\/uploads\/2024\/11\/TREN-PATAGONICO-65x65.png 65w, https:\/\/www.visionweb.com.ar\/wp-content\/uploads\/2024\/11\/TREN-PATAGONICO.png 596w\" sizes=\"auto, (max-width: 300px) 100vw, 300px\" \/>El Tren Patag\u00f3nico que une San Antonio Oeste con Bariloche, retom\u00f3 su servicio el 31 de octubre, de acuerdo a lo informado por el gobierno de R\u00edo Negro,, como parte de la etapa inicial en el proceso de recuperaci\u00f3n total del tren tradicional.<\/p>\n<p>El Gobierno tiene por objetivo principal<strong>\u00a0garantizar la seguridad de los servicios y, especialmente, la de los pasajeros\u201d<\/strong>, comunicaron.<\/p>\n<p>El lanzamiento del servicio en ese tramo representa la\u00a0<strong>etapa inicial de la recuperaci\u00f3n del tren tradicional.\u00a0<\/strong>Desde la suspensi\u00f3n del servicio por fuerzas mayores en enero se viene trabajando en el Plan Integral de Mantenimiento y Trabajo, destinado a la mejora de v\u00edas, locomotoras y vagones.<\/p>\n<p>La empresa rionegrina \u201ctrabaja intensamente con el objetivo de cumplir una segunda etapa, que consiste en la <strong>reparaci\u00f3n de v\u00edas del tramo Viedma-San Antonio,\u00a0<\/strong>adem\u00e1s de la reparaci\u00f3n y mantenimiento de <strong>los coches de pasajeros y locomotoras que volver\u00e1n a ofrecer los servicios de camarote, pullman, bandeja de transporte de veh\u00edculos, y vagones de carga\u201d,<\/strong> detallaron.<\/p>\n<p>La\u00a0<strong>reparaci\u00f3n de las v\u00edas entre Viedma y San Antonio Oeste demanda una enorme inversi\u00f3n<\/strong> del Gobierno de la provincia, con el principal objetivo de garantizar la seguridad para la circulaci\u00f3n de los servicios, y principalmente, para los pasajeros, aseguraron desde el Gobierno provincial<\/p>\n<p>Sobre la reparaci\u00f3n de zonas cr\u00edticas en el tramo Viedma \u2013 San Antonio Oeste, el presidente de la empresa, Roberto L\u00f3pez, recalc\u00f3: \u201cEn paralelo al lanzamiento de la conexi\u00f3n SAO \u2013 Bariloche, nuestro equipo\u00a0<strong>contin\u00faa trabajando en el mantenimiento y reparaci\u00f3n del tramo desde Viedma,<\/strong>\u00a0cumpliendo con un calendario de trabajo que nos permitir\u00e1 tener un tramo de circulaci\u00f3n seguro.\u201d<\/p>\n<p>Tal como se anunci\u00f3 hace unos d\u00edas, el titular destac\u00f3 que \u201cla segunda etapa de recuperaci\u00f3n del tren tradicional tambi\u00e9n incluye la\u00a0<strong>recuperaci\u00f3n de material tractivo y remolcado de la empresa: el mantenimiento integral de 20 unidades\u00a0<\/strong>que devolver\u00eda la calidad del servicio que todos los pasajeros buscan\u201d.<\/p>\n<p>El retorno del servicio tradicional no solo refleja el cambio organizacional y la implementaci\u00f3n de un plan activo por parte de la empresa rionegrina, restableciendo un medio de transporte importante para sus pasajeros, sino tambi\u00e9n el acompa\u00f1amiento de un gobierno presente, con la convicci\u00f3n de que el tren es parte del desarrollo y la integraci\u00f3n de la provincia.<\/p>\n<p>La historia de este tren,\u00a0que permite llegar a San Carlos de Bariloche desde Viedma y San Antonio Oeste, se remonta a las primeras d\u00e9cadas del siglo XX, cuando se proyect\u00f3 su trazado para conectar las zonas productoras de la cordillerana con el puerto en la costa atl\u00e1ntica. En aquellos a\u00f1os, con el tendido de las v\u00edas por la zona sur de la provincia, surgieron algunos pueblos que fueron desarroll\u00e1ndose junto con el ferrocarril.<\/p>\n<p>ctualmente, casi cien a\u00f1os despu\u00e9s, el Tren Patag\u00f3nico sigue funcionando y brinda un servicio esencial a los pobladores y visitantes. Es adem\u00e1s un medio de transporte indispensable para los habitantes de las localidades m\u00e1s aisladas de la estepa.<strong>(VW)<\/strong><\/p>\n<p>&nbsp;<\/p>\n<div class=\"lazyblock-leer-mas-dogrI wp-block-lazyblock-leer-mas\"><\/div>\n","protected":false},"excerpt":{"rendered":"<p>Desde el Gobierno se\u00f1alaron que el lanzamiento del servicio representa la etapa inicial de la recuperaci\u00f3n del tren tradicional. El servicio hab\u00eda sido suspendido en enero.<\/p>\n","protected":false},"author":3,"featured_media":16301,"comment_status":"closed","ping_status":"closed","sticky":false,"template":"","format":"standard","meta":{"_monsterinsights_skip_tracking":false,"_monsterinsights_sitenote_active":false,"_monsterinsights_sitenote_note":"","_monsterinsights_sitenote_category":0,"footnotes":""},"categories":[700],"tags":[1587,338,6901,336],"class_list":["post-16300","post","type-post","status-publish","format-standard","has-post-thumbnail","hentry","category-turismo","tag-bariloche","tag-patagonico","tag-sao","tag-tren"],"_links":{"self":[{"href":"https:\/\/www.visionweb.com.ar\/index.php?rest_route=\/wp\/v2\/posts\/16300","targetHints":{"allow":["GET"]}}],"collection":[{"href":"https:\/\/www.visionweb.com.ar\/index.php?rest_route=\/wp\/v2\/posts"}],"about":[{"href":"https:\/\/www.visionweb.com.ar\/index.php?rest_route=\/wp\/v2\/types\/post"}],"author":[{"embeddable":true,"href":"https:\/\/www.visionweb.com.ar\/index.php?rest_route=\/wp\/v2\/users\/3"}],"replies":[{"embeddable":true,"href":"https:\/\/www.visionweb.com.ar\/index.php?rest_route=%2Fwp%2Fv2%2Fcomments&post=16300"}],"version-history":[{"count":1,"href":"https:\/\/www.visionweb.com.ar\/index.php?rest_route=\/wp\/v2\/posts\/16300\/revisions"}],"predecessor-version":[{"id":16302,"href":"https:\/\/www.visionweb.com.ar\/index.php?rest_route=\/wp\/v2\/posts\/16300\/revisions\/16302"}],"wp:featuredmedia":[{"embeddable":true,"href":"https:\/\/www.visionweb.com.ar\/index.php?rest_route=\/wp\/v2\/media\/16301"}],"wp:attachment":[{"href":"https:\/\/www.visionweb.com.ar\/index.php?rest_route=%2Fwp%2Fv2%2Fmedia&parent=16300"}],"wp:term":[{"taxonomy":"category","embeddable":true,"href":"https:\/\/www.visionweb.com.ar\/index.php?rest_route=%2Fwp%2Fv2%2Fcategories&post=16300"},{"taxonomy":"post_tag","embeddable":true,"href":"https:\/\/www.visionweb.com.ar\/index.php?rest_route=%2Fwp%2Fv2%2Ftags&post=16300"}],"curies":[{"name":"wp","href":"https:\/\/api.w.org\/{rel}","templated":true}]}}