{"id":16295,"date":"2024-11-02T17:40:49","date_gmt":"2024-11-02T20:40:49","guid":{"rendered":"https:\/\/www.visionweb.com.ar\/?p=16295"},"modified":"2024-11-04T11:07:35","modified_gmt":"2024-11-04T14:07:35","slug":"sala-maspero-se-concretaron-trabajos-de-puesta-en-valor","status":"publish","type":"post","link":"https:\/\/www.visionweb.com.ar\/?p=16295","title":{"rendered":"Sala M\u00e1spero: Se concretaron trabajos de puesta en valor"},"content":{"rendered":"<p><em><strong>A lo largo de 55 d\u00edas de trabajo, el municipio concentr\u00f3 la tarea en la reconstrucci\u00f3n total del tablero general de abastecimiento el\u00e9ctrico de la sala a ra\u00edz de las secuelas ocasionadas por un incendio.<\/strong><\/em><!--more--><\/p>\n<p><img loading=\"lazy\" decoding=\"async\" class=\"size-medium wp-image-16296 alignright\" src=\"https:\/\/www.visionweb.com.ar\/wp-content\/uploads\/2024\/11\/Maspero-4-300x200.jpg\" alt=\"\" width=\"300\" height=\"200\" srcset=\"https:\/\/www.visionweb.com.ar\/wp-content\/uploads\/2024\/11\/Maspero-4-300x200.jpg 300w, https:\/\/www.visionweb.com.ar\/wp-content\/uploads\/2024\/11\/Maspero-4.jpg 640w\" sizes=\"auto, (max-width: 300px) 100vw, 300px\" \/>Concluyeron los trabajos de puesta en valor de la Unidad Sanitaria Luis M\u00e1spero, ubicada en el 75 de\u00a0 la calle hom\u00f3nima, en Remedios de Escalada.<\/p>\n<p>En ese sentido, el intendente de Lan\u00fas, Julian \u00c1lvarez, recorri\u00f3 las instalaciones\u00a0 remodeladas del centro sanitario. De esta manera, el Municipio optimiz\u00f3 sustancialmente la calidad del servicio de salud y reforz\u00f3 la seguridad del edificio.<\/p>\n<p>\u00abLa Salud de las y los lanusenses es una prioridad dentro de nuestros compromisos de gesti\u00f3n; por eso, a trav\u00e9s de esta remodelaci\u00f3n garantizamos una mejora notable en las condiciones y comodidades de atenci\u00f3n\u00bb, dijo Juli\u00e1n \u00c1lvarez.<\/p>\n<p>A lo largo de 55 d\u00edas de trabajo, se realizaron tareas que incluyeron la reconstrucci\u00f3n total del tablero general de abastecimiento el\u00e9ctrico de la sala, que qued\u00f3 afectada por un incendio.<\/p>\n<p>Los trabajos incluyeron la modernizaci\u00f3n de todo el sistema, mediante la colocaci\u00f3n de unidades led junto con el recambio de cables y llaves.<\/p>\n<p>Las acciones implementadas reducir\u00e1n las probabilidades de siniestros y accidentes y, a su vez, generar\u00e1n una significativa reducci\u00f3n en los costos y el consumo general.<\/p>\n<p>Asimismo, se ampli\u00f3 el sector de mesa de entradas al retirar una escalera de hormig\u00f3n armado obsoleta. Al generar mayor espacio, el Municipio tambi\u00e9n habilit\u00f3 un nuevo consultorio.<\/p>\n<p>Otras tareas abarcaron reparaciones estructurales en ba\u00f1os, consultorios, guardias y vestuarios. Adem\u00e1s. se incorpor\u00f3 un nuevo mobiliario y se recuperaron patios y espacios exteriores. En forma simult\u00e1nea, se pint\u00f3 el interior y la fachada exterior y se mejor\u00f3 la iluminaci\u00f3n en toda la cuadra.<\/p>\n<p>Asimismo, se concret\u00f3 la impermeabilizaci\u00f3n de las azoteas para evitar la aparici\u00f3n de humedad en todas las instalaciones. Esa labor se complet\u00f3 con el recambio de las puertas de los consultorios porque presentaban distintos grados de deterioro<strong>(VW)<\/strong>.<\/p>\n<p>&nbsp;<\/p>\n<p>&nbsp;<\/p>\n","protected":false},"excerpt":{"rendered":"<p>A lo largo de 55 d\u00edas de trabajo, el municipio concentr\u00f3 la tarea en la reconstrucci\u00f3n total del tablero general de abastecimiento el\u00e9ctrico de la sala a ra\u00edz de las secuelas ocasionadas por un&#46;&#46;&#46;<\/p>\n","protected":false},"author":3,"featured_media":16296,"comment_status":"closed","ping_status":"closed","sticky":false,"template":"","format":"standard","meta":{"_monsterinsights_skip_tracking":false,"_monsterinsights_sitenote_active":false,"_monsterinsights_sitenote_note":"","_monsterinsights_sitenote_category":0,"footnotes":""},"categories":[8],"tags":[6899,6900,314],"class_list":["post-16295","post","type-post","status-publish","format-standard","has-post-thumbnail","hentry","category-interes-general","tag-maspero","tag-puesta-en-valor","tag-restauracion"],"_links":{"self":[{"href":"https:\/\/www.visionweb.com.ar\/index.php?rest_route=\/wp\/v2\/posts\/16295","targetHints":{"allow":["GET"]}}],"collection":[{"href":"https:\/\/www.visionweb.com.ar\/index.php?rest_route=\/wp\/v2\/posts"}],"about":[{"href":"https:\/\/www.visionweb.com.ar\/index.php?rest_route=\/wp\/v2\/types\/post"}],"author":[{"embeddable":true,"href":"https:\/\/www.visionweb.com.ar\/index.php?rest_route=\/wp\/v2\/users\/3"}],"replies":[{"embeddable":true,"href":"https:\/\/www.visionweb.com.ar\/index.php?rest_route=%2Fwp%2Fv2%2Fcomments&post=16295"}],"version-history":[{"count":2,"href":"https:\/\/www.visionweb.com.ar\/index.php?rest_route=\/wp\/v2\/posts\/16295\/revisions"}],"predecessor-version":[{"id":16299,"href":"https:\/\/www.visionweb.com.ar\/index.php?rest_route=\/wp\/v2\/posts\/16295\/revisions\/16299"}],"wp:featuredmedia":[{"embeddable":true,"href":"https:\/\/www.visionweb.com.ar\/index.php?rest_route=\/wp\/v2\/media\/16296"}],"wp:attachment":[{"href":"https:\/\/www.visionweb.com.ar\/index.php?rest_route=%2Fwp%2Fv2%2Fmedia&parent=16295"}],"wp:term":[{"taxonomy":"category","embeddable":true,"href":"https:\/\/www.visionweb.com.ar\/index.php?rest_route=%2Fwp%2Fv2%2Fcategories&post=16295"},{"taxonomy":"post_tag","embeddable":true,"href":"https:\/\/www.visionweb.com.ar\/index.php?rest_route=%2Fwp%2Fv2%2Ftags&post=16295"}],"curies":[{"name":"wp","href":"https:\/\/api.w.org\/{rel}","templated":true}]}}