{"id":16290,"date":"2024-11-01T09:40:20","date_gmt":"2024-11-01T12:40:20","guid":{"rendered":"https:\/\/www.visionweb.com.ar\/?p=16290"},"modified":"2024-11-01T09:40:20","modified_gmt":"2024-11-01T12:40:20","slug":"julian-alvarez-hizo-otro-gesto-de-distancia-del-cristinismo-con-kicillof","status":"publish","type":"post","link":"https:\/\/www.visionweb.com.ar\/?p=16290","title":{"rendered":"Juli\u00e1n \u00c1lvarez hizo otro gesto de distancia del cristinismo con Kicillof"},"content":{"rendered":"<p><strong><em>El intendente de Lan\u00fas, muy cercano a M\u00e1ximo Kirchner, denunci\u00f3 abandono de obras en su distrito por parte de la Provincia.\u00a0<\/em><\/strong><!--more--><\/p>\n<p><img loading=\"lazy\" decoding=\"async\" class=\"size-medium wp-image-12833 alignright\" src=\"https:\/\/www.visionweb.com.ar\/wp-content\/uploads\/2023\/12\/kicillof-300x206.png\" alt=\"\" width=\"300\" height=\"206\" srcset=\"https:\/\/www.visionweb.com.ar\/wp-content\/uploads\/2023\/12\/kicillof-300x206.png 300w, https:\/\/www.visionweb.com.ar\/wp-content\/uploads\/2023\/12\/kicillof.png 508w\" sizes=\"auto, (max-width: 300px) 100vw, 300px\" \/>El intendente de Lan\u00fas, Juli\u00e1n \u00c1lvarez, protagoniz\u00f3 este jueves, un nuevo cruce entre el camporismo y el kicillofismo, al acusar al gobierno de la Provincia de <strong>paralizar el env\u00edo de fondos\u00a0<\/strong>para realizar obras p\u00fablicas en su distrito.<\/p>\n<p>En un comunicado en el que inform\u00f3 sobre\u00a0<strong>la urbanizaci\u00f3n de la Villa Caraza<\/strong>, \u00c1lvarez \u2013un camporista cercano a M\u00e1ximo Kirchner-se quej\u00f3 de que el gobierno de Javier Milei abandon\u00f3 las obras p\u00fablicas, pero tambi\u00e9n arremete contra el gobierno de Kicillof.<\/p>\n<p>\u201cFrente a la ausencia del financiamiento del Estado Nacional, el Organismo Provincial de Integraci\u00f3n Social y Urbana (OPISU) aport\u00f3 durante los primeros meses cooperativas de trabajo. Sin embargo, mientras la Municipalidad de Lan\u00fas invirti\u00f3 700 millones de pesos, OPISU s\u00f3lo aport\u00f3 120 millones. Es decir, menos del 15% del total del financiamiento y en el d\u00eda de ayer\u00a0<strong>decidi\u00f3 abandonar la obra y retirarse, no cumpliendo con el compromiso asumido,<\/strong>\u00a0no solo con el Intendente sino fundamentalmente con los vecinos del barrio\u201d, se indica en el comunicado, subido a la web oficial del municipio.<\/p>\n<p><strong>El OPISU es un organismo que depende del ministerio de H\u00e1bitat, que comanda Silvina Batakis.<\/strong><\/p>\n<p>Al mismo tiempo, el comunicado denuncia, de un modo m\u00e1s general, la paralizaci\u00f3n de todas las obras que dependen de Provincia en el distrito. \u201cDurante el acto de entrega\u00a0<strong>el Intendente Juli\u00e1n \u00c1lvarez resalt\u00f3 que hasta el momento la provincia de Buenos Aires no desembols\u00f3 ni un solo peso para obras en el distrito<\/strong>. Al d\u00eda de hoy s\u00f3lo existe un convenio firmado con el ministro Gabriel Katopodis por 2.300 millones para pavimentos que a\u00fan no se ha materializado\u201d, dice el comunicado.<\/p>\n<p>Al respecto,\u00a0<strong>fuentes de Infraestructura dijeron a DIB\u00a0<\/strong>\u00a0que \u201cnuestro ministerio gestiona 13 obras y proyectos por $12.808 millones en el municipio de Lan\u00fas. Esas obras se vienen trabajando entre los equipos t\u00e9cnicos del municipio y de este ministerio con total normalidad. Entre esas obras se encuentran en ejecuci\u00f3n pavimentos por valor de $2.575 millones,\u00a0<strong>para poder cumplir con el 30% de anticipo Lan\u00fas debe cumplimetar documentaci\u00f3n b\u00e1sica a la que se comprometi\u00f3 en el convenio<\/strong>\u201d.<\/p>\n<p>El episodio se da\u00a0<strong>en medio de la tensi\u00f3n entre el cristinismo y el kicillofismo<\/strong>, y parece confirmar que no hay por ahora espacio para avanzar en un recomposici\u00f3n de las relaciones.<\/p>\n<p>Kicillof hab\u00eda hecho un gesto el martes al vivar a la ex presidenta Cristina Fern\u00e1ndez de Kirchner en un acto, luego de que el propio Katopodis acompa\u00f1ara una resoluci\u00f3n que avala su lista en la interna del PJ, contra la de Ricardo Quintela. Pero ese mismo martes, el senador Eduardo \u201cWado\u201d De Pedro, de m\u00e1xima cercan\u00eda con la Ex\u00a0 presidenta, hab\u00eda vuelto a criticar con dureza al gobernador por lo pronunciarse en p\u00fablico y\u00a0 expresamente sobre la candidatura de Cristina(VW).<\/p>\n<p>Fuente: Agencia DIB<\/p>\n","protected":false},"excerpt":{"rendered":"<p>El intendente de Lan\u00fas, muy cercano a M\u00e1ximo Kirchner, denunci\u00f3 abandono de obras en su distrito por parte de la Provincia.\u00a0<\/p>\n","protected":false},"author":3,"featured_media":12833,"comment_status":"closed","ping_status":"closed","sticky":false,"template":"","format":"standard","meta":{"_monsterinsights_skip_tracking":false,"_monsterinsights_sitenote_active":false,"_monsterinsights_sitenote_note":"","_monsterinsights_sitenote_category":0,"footnotes":""},"categories":[4],"tags":[1143,2114,167,490],"class_list":["post-16290","post","type-post","status-publish","format-standard","has-post-thumbnail","hentry","category-politica","tag-cristina","tag-interna","tag-kicillof","tag-pj"],"_links":{"self":[{"href":"https:\/\/www.visionweb.com.ar\/index.php?rest_route=\/wp\/v2\/posts\/16290","targetHints":{"allow":["GET"]}}],"collection":[{"href":"https:\/\/www.visionweb.com.ar\/index.php?rest_route=\/wp\/v2\/posts"}],"about":[{"href":"https:\/\/www.visionweb.com.ar\/index.php?rest_route=\/wp\/v2\/types\/post"}],"author":[{"embeddable":true,"href":"https:\/\/www.visionweb.com.ar\/index.php?rest_route=\/wp\/v2\/users\/3"}],"replies":[{"embeddable":true,"href":"https:\/\/www.visionweb.com.ar\/index.php?rest_route=%2Fwp%2Fv2%2Fcomments&post=16290"}],"version-history":[{"count":1,"href":"https:\/\/www.visionweb.com.ar\/index.php?rest_route=\/wp\/v2\/posts\/16290\/revisions"}],"predecessor-version":[{"id":16291,"href":"https:\/\/www.visionweb.com.ar\/index.php?rest_route=\/wp\/v2\/posts\/16290\/revisions\/16291"}],"wp:featuredmedia":[{"embeddable":true,"href":"https:\/\/www.visionweb.com.ar\/index.php?rest_route=\/wp\/v2\/media\/12833"}],"wp:attachment":[{"href":"https:\/\/www.visionweb.com.ar\/index.php?rest_route=%2Fwp%2Fv2%2Fmedia&parent=16290"}],"wp:term":[{"taxonomy":"category","embeddable":true,"href":"https:\/\/www.visionweb.com.ar\/index.php?rest_route=%2Fwp%2Fv2%2Fcategories&post=16290"},{"taxonomy":"post_tag","embeddable":true,"href":"https:\/\/www.visionweb.com.ar\/index.php?rest_route=%2Fwp%2Fv2%2Ftags&post=16290"}],"curies":[{"name":"wp","href":"https:\/\/api.w.org\/{rel}","templated":true}]}}