{"id":16284,"date":"2024-10-31T11:41:01","date_gmt":"2024-10-31T14:41:01","guid":{"rendered":"https:\/\/www.visionweb.com.ar\/?p=16284"},"modified":"2024-10-31T11:41:01","modified_gmt":"2024-10-31T14:41:01","slug":"villa-gesell-kicillof-se-reunio-con-el-comite-de-crisis-por-la-tragedia-del-derrumbe-y-ya-son-dos-las-victimas-fatales","status":"publish","type":"post","link":"https:\/\/www.visionweb.com.ar\/?p=16284","title":{"rendered":"Villa Gesell: Kicillof se reuni\u00f3 con el comit\u00e9 de crisis por la tragedia del derrumbe, y ya son dos las v\u00edctimas fatales"},"content":{"rendered":"<p><em><strong>Hallaron anoche el cuerpo de la exdue\u00f1a del hotel Dubrovnik. Contin\u00faan buscando a otras personas desaparecidas.<\/strong><\/em><!--more--><\/p>\n<div id=\"attachment_16285\" style=\"width: 310px\" class=\"wp-caption alignright\"><img loading=\"lazy\" decoding=\"async\" aria-describedby=\"caption-attachment-16285\" class=\"wp-image-16285 size-medium\" src=\"https:\/\/www.visionweb.com.ar\/wp-content\/uploads\/2024\/10\/Kici-en-gesell-300x200.png\" alt=\"\" width=\"300\" height=\"200\" srcset=\"https:\/\/www.visionweb.com.ar\/wp-content\/uploads\/2024\/10\/Kici-en-gesell-300x200.png 300w, https:\/\/www.visionweb.com.ar\/wp-content\/uploads\/2024\/10\/Kici-en-gesell.png 544w\" sizes=\"auto, (max-width: 300px) 100vw, 300px\" \/><p id=\"caption-attachment-16285\" class=\"wp-caption-text\">Fotos: cuenta X Kicillof<\/p><\/div>\n<p><strong>\u00a0<\/strong><strong> \u00a0\u00a0 L<\/strong>os<strong> equipos <\/strong>contin\u00faan trabajando entre los escombros del\u00a0<strong>Hotel Dubrovnik\u00a0de\u00a0Villa Gesell, derrumbado el martes a la madrugada por causas que contin\u00faan en investigaci\u00f3n,\u00a0y ya son dos las v\u00edctimas fatales halladas. <\/strong>El gobernador<strong> Axel Kicillof <\/strong>encabez\u00f3 ayer una<strong> reuni\u00f3n in situ del comit\u00e9 de crisis.<\/strong><\/p>\n<p>El hallazgo del segundo cuerpo fue confirmado por el ministro de<strong> Seguridad de la provincia de Buenos Aires,\u00a0Javier Alonso: <\/strong>\u201cEncontramos el cuerpo de una mujer, estaba en una habitaci\u00f3n con otras dos personas m\u00e1s que todav\u00eda no hemos visualizado\u201d, indic\u00f3 el funcionario.<\/p>\n<p>Se trataba de Stefanic, una mujer de 52 a\u00f1os registrada como hotelera en la AFIP y\u00a0cuyo domicilio fiscal era el Dubrovnik mismo.<\/p>\n<p>El equipo de rescate contin\u00faa en la b\u00fasqueda de otras personas, su sobrino,\u00a0Nahuel Jos\u00e9 Stefanic\u00a0y la pareja de Nahuel,\u00a0Dana Desimone, entre los escombros.<\/p>\n<p>El operativo de\u00a0rescate involucra a m\u00e1s de 350 personas equipadas con drones, gr\u00faas, perros y un t\u00e9cnico ge\u00f3grafo con un equipo de radar, con la presencia permanente en el lugar del ministro de Seguridad bonaerense.<\/p>\n<p>Conforme a lo informado por medios locales,\u00a0cerca de las 21 horas del mi\u00e9rcoles los perros de la Divisi\u00f3n K9 hab\u00edan detectado se\u00f1ales de vida\u00a0en la parte delantera del hotel, motivo por el cual el operativo se centr\u00f3 all\u00ed, lugar donde luego se anunci\u00f3 el hallazgo del cuerpo de la mujer.<\/p>\n<p>La exdue\u00f1a del hotel se convirti\u00f3 as\u00ed en la segunda v\u00edctima fatal confirmada del derrumbe, junto al jubilado\u00a0Federico Ciocchini, de 84 a\u00f1os, oriundo de\u00a0Balcarce, cuyo cuerpo fue encontrado el mi\u00e9rcoles.<\/p>\n<p>\u201cLa prioridad son las v\u00edctimas\u201d<\/p>\n<p>El ministro Alonso, por su parte, manifest\u00f3 a la prensa que\u00a0\u201ces clave el trabajo\u201d\u00a0que est\u00e1n haciendo \u201cde identificar todo lo que pas\u00f3\u201d. \u201cCreemos, como siempre ocurre en un desmoronamiento, que las cuestiones tuvieron que ver con los pisos inferiores y todav\u00eda no llegamos ah\u00ed. Vamos de arriba hacia abajo y la prioridad son las v\u00edctimas\u201d, explic\u00f3.<\/p>\n<p><strong><img loading=\"lazy\" decoding=\"async\" class=\"size-medium wp-image-16286 alignleft\" src=\"https:\/\/www.visionweb.com.ar\/wp-content\/uploads\/2024\/10\/kici-reunion-hotel-gesel-300x200.png\" alt=\"\" width=\"300\" height=\"200\" srcset=\"https:\/\/www.visionweb.com.ar\/wp-content\/uploads\/2024\/10\/kici-reunion-hotel-gesel-300x200.png 300w, https:\/\/www.visionweb.com.ar\/wp-content\/uploads\/2024\/10\/kici-reunion-hotel-gesel.png 476w\" sizes=\"auto, (max-width: 300px) 100vw, 300px\" \/>Kicillof: \u201cVamos a continuar trabajando sin descanso\u201d<\/strong><\/p>\n<p>A la vez, el gobernador de la provincia de Buenos Aires,<strong> Axel Kicillof, se reuni\u00f3 ayer con el Comit\u00e9 de Crisis que se activ\u00f3 por el derrumbe del hotel en Villa Gesell.<\/strong><\/p>\n<p>\u201cNuestras <strong>fuerzas de seguridad, personal de salud, defensa civil y bomberos<\/strong> de diferentes puntos trabajan sin descanso junto al Municipio\u201d, asegur\u00f3 el mandatario provincial.<\/p>\n<p>Agradeci\u00f3 al Ministerio de Seguridad de la Naci\u00f3n por el apoyo que est\u00e1n brindando, a los bomberos voluntarios, a otras provincias y los vecinos que contribuyen en esta cat\u00e1strofe.<\/p>\n<p><strong>\u201cDesde la provincia de Buenos Aires vamos a continuar trabajando sin descanso hasta que removamos todos los escombros, encontremos a las v\u00edctimas y se pueda establecer qu\u00e9 ocasion\u00f3 tama\u00f1a tragedia\u201d<\/strong>, sentenci\u00f3.<\/p>\n<p>El gobernador, en su<strong> c<\/strong>uenta X, escribi\u00f3 al respecto: \u201cMantuvimos una reuni\u00f3n con el Comit\u00e9 de Crisis que est\u00e1 llevando adelante las tareas de rescate en la zona del derrumbe del Hotel Dubrovnik en Villa Gesell. Nuestras fuerzas de seguridad, personal de salud, defensa civil y bomberos de diferentes puntos trabajan sin descanso junto al Municipio. Quiero agradecer al Ministerio de Seguridad de la Naci\u00f3n por el apoyo que est\u00e1n brindando, a los bomberos voluntarios, a otras provincias y a las y los vecinos que solidariamente contribuyen en esta cat\u00e1strofe. Desde la provincia de Buenos Aires vamos a continuar trabajando sin descanso hasta que removamos todos los escombros, encontremos a las v\u00edctimas y se pueda establecer qu\u00e9 ocasion\u00f3 tama\u00f1a tragedia\u201d, detall\u00f3. <strong>(VW)<\/strong><\/p>\n","protected":false},"excerpt":{"rendered":"<p>Hallaron anoche el cuerpo de la exdue\u00f1a del hotel Dubrovnik. Contin\u00faan buscando a otras personas desaparecidas.<\/p>\n","protected":false},"author":4,"featured_media":16285,"comment_status":"closed","ping_status":"closed","sticky":false,"template":"","format":"standard","meta":{"_monsterinsights_skip_tracking":false,"_monsterinsights_sitenote_active":false,"_monsterinsights_sitenote_note":"","_monsterinsights_sitenote_category":0,"footnotes":""},"categories":[3],"tags":[3131,2970,6896,3317],"class_list":["post-16284","post","type-post","status-publish","format-standard","has-post-thumbnail","hentry","category-actualidad","tag-axel-kicillof","tag-comite-de-crisis","tag-derrumbre-hotel","tag-villa-gesell"],"_links":{"self":[{"href":"https:\/\/www.visionweb.com.ar\/index.php?rest_route=\/wp\/v2\/posts\/16284","targetHints":{"allow":["GET"]}}],"collection":[{"href":"https:\/\/www.visionweb.com.ar\/index.php?rest_route=\/wp\/v2\/posts"}],"about":[{"href":"https:\/\/www.visionweb.com.ar\/index.php?rest_route=\/wp\/v2\/types\/post"}],"author":[{"embeddable":true,"href":"https:\/\/www.visionweb.com.ar\/index.php?rest_route=\/wp\/v2\/users\/4"}],"replies":[{"embeddable":true,"href":"https:\/\/www.visionweb.com.ar\/index.php?rest_route=%2Fwp%2Fv2%2Fcomments&post=16284"}],"version-history":[{"count":1,"href":"https:\/\/www.visionweb.com.ar\/index.php?rest_route=\/wp\/v2\/posts\/16284\/revisions"}],"predecessor-version":[{"id":16287,"href":"https:\/\/www.visionweb.com.ar\/index.php?rest_route=\/wp\/v2\/posts\/16284\/revisions\/16287"}],"wp:featuredmedia":[{"embeddable":true,"href":"https:\/\/www.visionweb.com.ar\/index.php?rest_route=\/wp\/v2\/media\/16285"}],"wp:attachment":[{"href":"https:\/\/www.visionweb.com.ar\/index.php?rest_route=%2Fwp%2Fv2%2Fmedia&parent=16284"}],"wp:term":[{"taxonomy":"category","embeddable":true,"href":"https:\/\/www.visionweb.com.ar\/index.php?rest_route=%2Fwp%2Fv2%2Fcategories&post=16284"},{"taxonomy":"post_tag","embeddable":true,"href":"https:\/\/www.visionweb.com.ar\/index.php?rest_route=%2Fwp%2Fv2%2Ftags&post=16284"}],"curies":[{"name":"wp","href":"https:\/\/api.w.org\/{rel}","templated":true}]}}