{"id":16270,"date":"2024-10-31T09:03:27","date_gmt":"2024-10-31T12:03:27","guid":{"rendered":"https:\/\/www.visionweb.com.ar\/?p=16270"},"modified":"2024-10-31T09:03:27","modified_gmt":"2024-10-31T12:03:27","slug":"la-uta-levanto-el-paro-de-colectivos","status":"publish","type":"post","link":"https:\/\/www.visionweb.com.ar\/?p=16270","title":{"rendered":"La UTA levant\u00f3 el paro de colectivos"},"content":{"rendered":"<p><strong><em>La decisi\u00f3n se conoci\u00f3 tras una reuni\u00f3n que mantuvo el gremio con las autoridades de Trabajo y la Asociaci\u00f3n Argentina de Empresarios del Transporte Automotor. <\/em><\/strong><!--more--><\/p>\n<p><img loading=\"lazy\" decoding=\"async\" class=\"size-medium wp-image-10005 alignright\" src=\"https:\/\/www.visionweb.com.ar\/wp-content\/uploads\/2023\/03\/COLECTIVOS-300x225.png\" alt=\"\" width=\"300\" height=\"225\" srcset=\"https:\/\/www.visionweb.com.ar\/wp-content\/uploads\/2023\/03\/COLECTIVOS-300x225.png 300w, https:\/\/www.visionweb.com.ar\/wp-content\/uploads\/2023\/03\/COLECTIVOS-320x240.png 320w, https:\/\/www.visionweb.com.ar\/wp-content\/uploads\/2023\/03\/COLECTIVOS.png 640w\" sizes=\"auto, (max-width: 300px) 100vw, 300px\" \/>La Uni\u00f3n Tranviarios Automotor (UTA) resolvi\u00f3 levantar el paro de colectivos que estaba previsto para este jueves, tras alcanzar un acuerdo con el Gobierno.\u00a0<strong>La decisi\u00f3n se conoci\u00f3 tras la reuni\u00f3n que mantuvo la UTA con las autoridades de Trabajo y la Asociaci\u00f3n Argentina de Empresarios del Transporte Automotor<\/strong>.<\/p>\n<p>El acuerdo se dio en horas en que se cumple el paro de transporte al que convocaron el resto de los gremios de trabajadores del sector: trenes, subtes, aviones, barcos y el traslado mercader\u00edas; la UTA ya hab\u00eda decidido no parar el mi\u00e9rcoles.<\/p>\n<p>Seg\u00fan le precisaron al portal Infobae fuentes cercanas a los colectiveros,\u00a0<strong>las empresas habr\u00edan aceptado otorgarles un aumento a los choferes, que pasar\u00edan de cobrar un b\u00e1sico de $ 1.060.000 a uno de 1.200.000 pesos a partir de enero, lo que representa un poco menos del 25% que reclamaban inicialmente.<\/strong><\/p>\n<h3 style=\"text-align: center;\"><span style=\"color: #0000ff;\"><strong><em>Las empresas habr\u00edan aceptado otorgarles un aumento a los choferes, que pasar\u00edan a cobrar un b\u00e1sico de 1.200.000 pesos a partir de enero.<\/em><\/strong><\/span><\/h3>\n<p>Los sindicalistas del transporte que convocaron al paro de de este mi\u00e9rcoles realizaron un balance de la medida de fuerza y se mostraron desafiantes al Gobierno al afirmar que se trat\u00f3 del \u201cprimer paso\u201d y que reci\u00e9n est\u00e1n \u201centrando en calor\u201d.<\/p>\n<p>Lo hicieron en una conferencia de prensa que brindaron por la tarde en el barrio de San Telmo. Participaron de la misma Pablo Moyano (Camioneros), Pablo Bir\u00f3 (Pilotos), Juan Pablo Brey (Aeronavegantes), Omar Maturano (La Fraternidad), Juan Carlos Schmid (Dragado), N\u00e9stor Segovia (Metrodelegados) y Omar Durdos (SOMU), entre otros.<\/p>\n<p>Segovia, en declaraciones a la prensa tras la conferencia, dijo que el paro del transporte fue \u201cun \u00e9xito\u201d, aunque tambi\u00e9n se refiri\u00f3 al hecho de que la UTA haya sido uno de los pocos que no se pleg\u00f3 a la medida de fuerza<strong>(VW)<\/strong>.<\/p>\n<p style=\"text-align: center;\">\n","protected":false},"excerpt":{"rendered":"<p>La decisi\u00f3n se conoci\u00f3 tras una reuni\u00f3n que mantuvo el gremio con las autoridades de Trabajo y la Asociaci\u00f3n Argentina de Empresarios del Transporte Automotor.<\/p>\n","protected":false},"author":3,"featured_media":10005,"comment_status":"closed","ping_status":"closed","sticky":false,"template":"","format":"standard","meta":{"_monsterinsights_skip_tracking":false,"_monsterinsights_sitenote_active":false,"_monsterinsights_sitenote_note":"","_monsterinsights_sitenote_category":0,"footnotes":""},"categories":[8],"tags":[705,252,2697],"class_list":["post-16270","post","type-post","status-publish","format-standard","has-post-thumbnail","hentry","category-interes-general","tag-colectivos","tag-paro","tag-uta"],"_links":{"self":[{"href":"https:\/\/www.visionweb.com.ar\/index.php?rest_route=\/wp\/v2\/posts\/16270","targetHints":{"allow":["GET"]}}],"collection":[{"href":"https:\/\/www.visionweb.com.ar\/index.php?rest_route=\/wp\/v2\/posts"}],"about":[{"href":"https:\/\/www.visionweb.com.ar\/index.php?rest_route=\/wp\/v2\/types\/post"}],"author":[{"embeddable":true,"href":"https:\/\/www.visionweb.com.ar\/index.php?rest_route=\/wp\/v2\/users\/3"}],"replies":[{"embeddable":true,"href":"https:\/\/www.visionweb.com.ar\/index.php?rest_route=%2Fwp%2Fv2%2Fcomments&post=16270"}],"version-history":[{"count":1,"href":"https:\/\/www.visionweb.com.ar\/index.php?rest_route=\/wp\/v2\/posts\/16270\/revisions"}],"predecessor-version":[{"id":16271,"href":"https:\/\/www.visionweb.com.ar\/index.php?rest_route=\/wp\/v2\/posts\/16270\/revisions\/16271"}],"wp:featuredmedia":[{"embeddable":true,"href":"https:\/\/www.visionweb.com.ar\/index.php?rest_route=\/wp\/v2\/media\/10005"}],"wp:attachment":[{"href":"https:\/\/www.visionweb.com.ar\/index.php?rest_route=%2Fwp%2Fv2%2Fmedia&parent=16270"}],"wp:term":[{"taxonomy":"category","embeddable":true,"href":"https:\/\/www.visionweb.com.ar\/index.php?rest_route=%2Fwp%2Fv2%2Fcategories&post=16270"},{"taxonomy":"post_tag","embeddable":true,"href":"https:\/\/www.visionweb.com.ar\/index.php?rest_route=%2Fwp%2Fv2%2Ftags&post=16270"}],"curies":[{"name":"wp","href":"https:\/\/api.w.org\/{rel}","templated":true}]}}