{"id":16261,"date":"2024-10-30T10:00:02","date_gmt":"2024-10-30T13:00:02","guid":{"rendered":"https:\/\/www.visionweb.com.ar\/?p=16261"},"modified":"2024-10-30T10:02:24","modified_gmt":"2024-10-30T13:02:24","slug":"uipba-la-produccion-industrial-bonaerense-registro-una-caida-superior-al-11","status":"publish","type":"post","link":"https:\/\/www.visionweb.com.ar\/?p=16261","title":{"rendered":"UIPBA: La producci\u00f3n industrial bonaerense registr\u00f3 una ca\u00edda superior al 11%"},"content":{"rendered":"<p><strong><em>Es en la medici\u00f3n interanual. Con excepci\u00f3n de Tabaco, todos los sectores presentaron ca\u00eddas interanuales. Se destacan las m\u00e1s pronunciadas en Minerales no met\u00e1licos, Metales comunes, Caucho y pl\u00e1stico, Papel y cart\u00f3n, y Veh\u00edculos automotores.<\/em><\/strong><br \/>\n<!--more--><\/p>\n<p><img loading=\"lazy\" decoding=\"async\" class=\"size-medium wp-image-1574 alignright\" src=\"https:\/\/www.visionweb.com.ar\/wp-content\/uploads\/2021\/05\/LANUS-PARQUE-INDUSTRIAL-300x199.png\" alt=\"\" width=\"300\" height=\"199\" srcset=\"https:\/\/www.visionweb.com.ar\/wp-content\/uploads\/2021\/05\/LANUS-PARQUE-INDUSTRIAL-300x199.png 300w, https:\/\/www.visionweb.com.ar\/wp-content\/uploads\/2021\/05\/LANUS-PARQUE-INDUSTRIAL-768x510.png 768w, https:\/\/www.visionweb.com.ar\/wp-content\/uploads\/2021\/05\/LANUS-PARQUE-INDUSTRIAL.png 800w\" sizes=\"auto, (max-width: 300px) 100vw, 300px\" \/>En mayo <strong>la actividad industrial de la PBA registr\u00f3 una ca\u00edda de -11,7% en t\u00e9rminos interanuales.<\/strong><\/p>\n<p>Sin embargo, la producci\u00f3n creci\u00f3 +4,4% en el \u00edndice desestacionalizado (respecto a abril). Con estos datos, en los primeros cinco meses del a\u00f1o se acumul\u00f3 una ca\u00edda interanual del -14,0%<\/p>\n<p>En junio, las exportaciones de la PBA registraron un crecimiento interanual del +15,4%, impulsado por mayores ventas al exterior en todos los rubros, destac\u00e1ndose Productos primarios y MOI (Manufacturas de Origen Industrial).<\/p>\n<p>Al primer t\u00e9rmino del primer semestre acumula un crecimiento del +9,2% respecto al mismo periodo del a\u00f1o pasado, consign\u00f3 el informe correspondiente a septiembre de 2024,<strong> publicado por la Uni\u00f3n Industrial de la provincia de Buenos Aires (UIPBA)<\/strong><\/p>\n<p>Respecto <strong>al empleo, en mayo los asalariados privados de la PBA volvieron a registrar una ca\u00edda mensual, la novena consecutiva.<\/strong>\u00a0Desde agosto del a\u00f1o pasado hasta la actualidad, se acumula una p\u00e9rdida de 52.000 puestos.<\/p>\n<p>En la III Encuesta 2024 se observ\u00f3 que las empresas con ca\u00eddas en la producci\u00f3n, ventas al mercado interno, exportaciones y empleo predominaron por sobre aquellas con subas.<\/p>\n<p>Como resultado, el \u00edndice MDI se mantuvo en niveles de contracci\u00f3n por novena vez consecutiva, aunque se alej\u00f3 de los m\u00ednimos alcanzados en enero de este a\u00f1o. Se ubic\u00f3 en 44,3, con un aumento interanual de 5,3 p.p.<\/p>\n<p>En la PBA, la producci\u00f3n empeor\u00f3 respecto al mismo mes de 2022 y 2023, pero mejor\u00f3 levemente<br \/>\nrespecto al relevamiento anterior. En ventas internas, aunque las ca\u00eddas persistieron, las subas mejoraron frente a julio de 2023.<\/p>\n<p>En exportaciones, el 31% tuvo ca\u00eddas y el 13% subas, manteni\u00e9ndose estables desde julio pasado. Y en el empleo, se observ\u00f3 un deterioro respecto al mismo mes de 2023, con m\u00e1s empresas reduciendo personal y menos increment\u00e1ndolo.<\/p>\n<p>Los datos adelantados de julio muestran una menor tasa de ca\u00edda del patentamiento de autos (-3,4% i.a.) y un incremento en el de motos (+5,5% i.a.).<\/p>\n<p>Por Por su parte, el patentamiento de maquinaria agr\u00edcola creci\u00f3 levemente +0,9% i.a, luego de seis<br \/>\nmeses consecutivos de ca\u00edda<strong>(VW)<\/strong>.<\/p>\n","protected":false},"excerpt":{"rendered":"<p>Es en la medici\u00f3n interanual. Con excepci\u00f3n de Tabaco, todos los sectores presentaron ca\u00eddas interanuales. Se destacan las m\u00e1s pronunciadas en Minerales no met\u00e1licos, Metales comunes, Caucho y pl\u00e1stico, Papel y cart\u00f3n, y Veh\u00edculos&#46;&#46;&#46;<\/p>\n","protected":false},"author":3,"featured_media":249,"comment_status":"closed","ping_status":"closed","sticky":false,"template":"","format":"standard","meta":{"_monsterinsights_skip_tracking":false,"_monsterinsights_sitenote_active":false,"_monsterinsights_sitenote_note":"","_monsterinsights_sitenote_category":0,"footnotes":""},"categories":[749],"tags":[3342,6889,6160,6058],"class_list":["post-16261","post","type-post","status-publish","format-standard","has-post-thumbnail","hentry","category-pymes","tag-minerales","tag-moi","tag-tabaco","tag-uipba"],"_links":{"self":[{"href":"https:\/\/www.visionweb.com.ar\/index.php?rest_route=\/wp\/v2\/posts\/16261","targetHints":{"allow":["GET"]}}],"collection":[{"href":"https:\/\/www.visionweb.com.ar\/index.php?rest_route=\/wp\/v2\/posts"}],"about":[{"href":"https:\/\/www.visionweb.com.ar\/index.php?rest_route=\/wp\/v2\/types\/post"}],"author":[{"embeddable":true,"href":"https:\/\/www.visionweb.com.ar\/index.php?rest_route=\/wp\/v2\/users\/3"}],"replies":[{"embeddable":true,"href":"https:\/\/www.visionweb.com.ar\/index.php?rest_route=%2Fwp%2Fv2%2Fcomments&post=16261"}],"version-history":[{"count":2,"href":"https:\/\/www.visionweb.com.ar\/index.php?rest_route=\/wp\/v2\/posts\/16261\/revisions"}],"predecessor-version":[{"id":16263,"href":"https:\/\/www.visionweb.com.ar\/index.php?rest_route=\/wp\/v2\/posts\/16261\/revisions\/16263"}],"wp:featuredmedia":[{"embeddable":true,"href":"https:\/\/www.visionweb.com.ar\/index.php?rest_route=\/wp\/v2\/media\/249"}],"wp:attachment":[{"href":"https:\/\/www.visionweb.com.ar\/index.php?rest_route=%2Fwp%2Fv2%2Fmedia&parent=16261"}],"wp:term":[{"taxonomy":"category","embeddable":true,"href":"https:\/\/www.visionweb.com.ar\/index.php?rest_route=%2Fwp%2Fv2%2Fcategories&post=16261"},{"taxonomy":"post_tag","embeddable":true,"href":"https:\/\/www.visionweb.com.ar\/index.php?rest_route=%2Fwp%2Fv2%2Ftags&post=16261"}],"curies":[{"name":"wp","href":"https:\/\/api.w.org\/{rel}","templated":true}]}}