{"id":16258,"date":"2024-10-30T09:24:44","date_gmt":"2024-10-30T12:24:44","guid":{"rendered":"https:\/\/www.visionweb.com.ar\/?p=16258"},"modified":"2024-10-30T09:24:44","modified_gmt":"2024-10-30T12:24:44","slug":"interna-del-pj-se-lanzo-la-mesa-cristina-presidenta","status":"publish","type":"post","link":"https:\/\/www.visionweb.com.ar\/?p=16258","title":{"rendered":"Interna del PJ: Se lanz\u00f3 la mesa Cristina presidenta"},"content":{"rendered":"<p><em><strong>Fue en Avellaneda.\u00a0Wado de Pedro advirti\u00f3 sobre la intromisi\u00f3n del gobierno en la interna del pj y pidi\u00f3 acompa\u00f1ar a Cristina Fern\u00e1ndez.<\/strong><\/em><!--more--><\/p>\n<p><strong><img loading=\"lazy\" decoding=\"async\" class=\"size-medium wp-image-16259 alignright\" src=\"https:\/\/www.visionweb.com.ar\/wp-content\/uploads\/2024\/10\/INTERNA-PJ-300x167.png\" alt=\"\" width=\"300\" height=\"167\" srcset=\"https:\/\/www.visionweb.com.ar\/wp-content\/uploads\/2024\/10\/INTERNA-PJ-300x167.png 300w, https:\/\/www.visionweb.com.ar\/wp-content\/uploads\/2024\/10\/INTERNA-PJ.png 640w\" sizes=\"auto, (max-width: 300px) 100vw, 300px\" \/>El kirchnerismo lanz\u00f3 la mesa \u201cCristina Presidenta\u201d en Avellaneda\u00a0<\/strong>mientras se desarrolla la interna por la conducci\u00f3n del PJ con el sector que encabeza el gobernador de La Rioja,\u00a0Ricardo Quintela.<\/p>\n<p>La presentaci\u00f3n se realiz\u00f3 en el distrito que gobierna el intendente\u00a0Jorge Ferraresi, quien, desde que se instaur\u00f3 la disputa partidaria, fue se\u00f1alado como uno de los impulsores de la candidatura de Quintela.<\/p>\n<p>El encuentro cont\u00f3 con la presencia del senador nacional\u00a0Eduardo \u201cWado\u201d De Pedro; el secretario general de la Uni\u00f3n Obrera Metal\u00fargica (UOM),\u00a0Abel Furl\u00e1n; y los legisladores\u00a0Mario \u201cPaco\u201d Manrique,\u00a0Vanesa Siley\u00a0y\u00a0Emmanuel Gonz\u00e1lez Santalla.<\/p>\n<p>\u201c<strong>Est\u00e1 en juego qu\u00e9 peronismo queremos, el de\u00a0<a href=\"https:\/\/www.inforegion.com.ar\/2024\/10\/18\/cristina-kirchner-critico-duramente-a-kicillof-en-medio-de-la-interna-del-pj\/\">Cristina\u00a0<\/a>o el de Milei<\/strong>\u201c, expres\u00f3 De Pedro en el evento que se llev\u00f3 a cabo anoche, pero fue difundido este martes.<\/p>\n<p>En ese sentido, remarc\u00f3 que\u00a0<strong>\u201ccada vez es m\u00e1s clara la maniobra del gobierno para meterse en la interna del peronismo\u201d<\/strong>. \u201cLe pido de coraz\u00f3n a los compa\u00f1eros con los que militamos durante m\u00e1s de 20 a\u00f1os que estemos juntos y que acompa\u00f1emos\u00a0a Cristina\u201d, convoc\u00f3.<\/p>\n<p>Adem\u00e1s, el dirigente de La C\u00e1mpora\u00a0<strong>calific\u00f3 la interna partidaria como \u201cun proceso desordenado, confuso, personalista, egoc\u00e9ntrico y ego\u00edsta\u201d<\/strong>.<\/p>\n<p>Y traz\u00f3 una comparaci\u00f3n entre la situaci\u00f3n pol\u00edtica brasile\u00f1a y la Argentina.\u00a0 \u201cNo me imagin\u00f3 a los compa\u00f1eros m\u00e1s cercanos de Lula (da Silva) jug\u00e1ndole en contra\u201d, se\u00f1al\u00f3.<\/p>\n<p><strong>La\u00a0<a href=\"https:\/\/www.inforegion.com.ar\/2024\/10\/28\/se-judicializa-la-interna-del-pj\/\">interna en el PJ<\/a>\u00a0qued\u00f3 en manos de la jueza con competencia electoral Mar\u00eda Romilda Servini<\/strong>, quien, tiene 24 horas para tomar una decisi\u00f3n con relaci\u00f3n a la disputa en el peronismo.<\/p>\n<p>En caso de confirmar la determinaci\u00f3n de invalidar la lista de Quintela, seg\u00fan defini\u00f3 la Junta Electoral del PJ, la n\u00f3mina de Fern\u00e1ndez de Kirchner quedar\u00eda proclamada para conducir el espacio.<\/p>\n<p>Si, en cambio, la resoluci\u00f3n de la magistrada es oficializar la lista de\u00a0<a href=\"https:\/\/www.inforegion.com.ar\/2024\/10\/26\/quintela-nego-ayuda-de-kicillof-en-la-interna-del-pj\/\">Quintela<\/a>, el 17 de noviembre se realizar\u00edan los comicios, como estaba previsto en primera instancia<strong>(VW)<\/strong>.<\/p>\n<p><strong>Fuente: Inforegregi\u00f3n<\/strong><\/p>\n","protected":false},"excerpt":{"rendered":"<p>Fue en Avellaneda.\u00a0Wado de Pedro advirti\u00f3 sobre la intromisi\u00f3n del gobierno en la interna del pj y pidi\u00f3 acompa\u00f1ar a Cristina Fern\u00e1ndez.<\/p>\n","protected":false},"author":3,"featured_media":16259,"comment_status":"closed","ping_status":"closed","sticky":false,"template":"","format":"standard","meta":{"_monsterinsights_skip_tracking":false,"_monsterinsights_sitenote_active":false,"_monsterinsights_sitenote_note":"","_monsterinsights_sitenote_category":0,"footnotes":""},"categories":[4],"tags":[83,2114,490,6320],"class_list":["post-16258","post","type-post","status-publish","format-standard","has-post-thumbnail","hentry","category-politica","tag-avellaneda","tag-interna","tag-pj","tag-quintela"],"_links":{"self":[{"href":"https:\/\/www.visionweb.com.ar\/index.php?rest_route=\/wp\/v2\/posts\/16258","targetHints":{"allow":["GET"]}}],"collection":[{"href":"https:\/\/www.visionweb.com.ar\/index.php?rest_route=\/wp\/v2\/posts"}],"about":[{"href":"https:\/\/www.visionweb.com.ar\/index.php?rest_route=\/wp\/v2\/types\/post"}],"author":[{"embeddable":true,"href":"https:\/\/www.visionweb.com.ar\/index.php?rest_route=\/wp\/v2\/users\/3"}],"replies":[{"embeddable":true,"href":"https:\/\/www.visionweb.com.ar\/index.php?rest_route=%2Fwp%2Fv2%2Fcomments&post=16258"}],"version-history":[{"count":1,"href":"https:\/\/www.visionweb.com.ar\/index.php?rest_route=\/wp\/v2\/posts\/16258\/revisions"}],"predecessor-version":[{"id":16260,"href":"https:\/\/www.visionweb.com.ar\/index.php?rest_route=\/wp\/v2\/posts\/16258\/revisions\/16260"}],"wp:featuredmedia":[{"embeddable":true,"href":"https:\/\/www.visionweb.com.ar\/index.php?rest_route=\/wp\/v2\/media\/16259"}],"wp:attachment":[{"href":"https:\/\/www.visionweb.com.ar\/index.php?rest_route=%2Fwp%2Fv2%2Fmedia&parent=16258"}],"wp:term":[{"taxonomy":"category","embeddable":true,"href":"https:\/\/www.visionweb.com.ar\/index.php?rest_route=%2Fwp%2Fv2%2Fcategories&post=16258"},{"taxonomy":"post_tag","embeddable":true,"href":"https:\/\/www.visionweb.com.ar\/index.php?rest_route=%2Fwp%2Fv2%2Ftags&post=16258"}],"curies":[{"name":"wp","href":"https:\/\/api.w.org\/{rel}","templated":true}]}}