{"id":16254,"date":"2024-10-30T09:07:44","date_gmt":"2024-10-30T12:07:44","guid":{"rendered":"https:\/\/www.visionweb.com.ar\/?p=16254"},"modified":"2024-10-30T09:07:44","modified_gmt":"2024-10-30T12:07:44","slug":"provincia-vuelven-a-aumentar-las-cuotas-de-los-colegios-privados","status":"publish","type":"post","link":"https:\/\/www.visionweb.com.ar\/?p=16254","title":{"rendered":"Provincia: Vuelven a aumentar las cuotas de los colegios privados"},"content":{"rendered":"<p><em><strong>El Gobierno bonaerense autoriz\u00f3 un nuevo aumento para noviembre y diciembre para todos los niveles de ense\u00f1anza.<\/strong><\/em><!--more--><\/p>\n<p><strong><img loading=\"lazy\" decoding=\"async\" class=\"size-medium wp-image-12774 alignright\" src=\"https:\/\/www.visionweb.com.ar\/wp-content\/uploads\/2023\/12\/colegios-privados-300x173.png\" alt=\"\" width=\"300\" height=\"173\" srcset=\"https:\/\/www.visionweb.com.ar\/wp-content\/uploads\/2023\/12\/colegios-privados-300x173.png 300w, https:\/\/www.visionweb.com.ar\/wp-content\/uploads\/2023\/12\/colegios-privados.png 535w\" sizes=\"auto, (max-width: 300px) 100vw, 300px\" \/>\u00a0 E<\/strong>l\u00a0<strong>Gobierno de la Provincia de Buenos Aires<\/strong>\u00a0autoriz\u00f3 un nuevo aumento en <strong>las cuotas de los colegios privados <\/strong>subsidiados total o parcialmente por el Estado para los meses de noviembre y diciembre de 2024, luego del pedido realizado por la\u00a0<strong>Asociaci\u00f3n de Institutos de Ense\u00f1anza Privada de la Provincia de Buenos Aires\u00a0(Aiepba)<\/strong>.<\/p>\n<p>Seg\u00fan inform\u00f3 Aiepba,\u00a0<strong>el incremento ser\u00e1 del 3,6% para la cuota de noviembre y del 3,8% en diciembre para todos los niveles de ense\u00f1anza<\/strong>, lo que alcanzar\u00e1 colegios del territorio bonaerense.<\/p>\n<p>Esta actualizaci\u00f3n alcanza a casi 1,3 millones de alumnos matriculados en el sistema de ense\u00f1anza privado con subvenci\u00f3n estatal de la Provincia de Buenos Aires.<\/p>\n<p>Cabe recordar que las autoridades bonaerenses hab\u00edan autorizado a fines de agosto un cuadro tarifario que abarcaba los meses de septiembre y octubre, con un 4,5% y 4%, respectivamente.<\/p>\n<p>El secretario ejecutivo de AIEPBA,\u00a0<strong>Mart\u00edn Zurita<\/strong>, explic\u00f3 que \u00abestos incrementos acompa\u00f1an los valores que fijan las autoridades para los salarios de los maestros y profesores que se desempe\u00f1an en nuestros institutos. Pero este a\u00f1o,\u00a0<strong>los establecimientos est\u00e1n afrontando con mucha dificultad los excesivos costos operativos, en especial los derivados de los servicios\u00bb<\/strong>, indic\u00f3 Infocielo.<\/p>\n<p>A la vez detall\u00f3: \u00abTenemos edificios y colegios que han recibido facturas tres y hasta cuatro veces m\u00e1s altas que meses anteriores. Las escuelas realizan un enorme esfuerzo para mantener la calidad del servicio educativo en este contexto\u00bb y remarc\u00f3 \u00abel esfuerzo que realizan esas familias para poder seguir pagando las cuotas escolares\u00bb.<\/p>\n<p>De acuerdo al comunicado oficial de la modificaci\u00f3n de aranceles para noviembre 2024, los nuevos topes m\u00e1ximos de las cuotas ser\u00e1n para educaci\u00f3n Inicial y primaria, en instituciones con subsidios del 100%: $ 22.620, y para instituciones con subsidios del 40%: $102.150. <strong>(VW)<\/strong><\/p>\n<p>&nbsp;<\/p>\n","protected":false},"excerpt":{"rendered":"<p>El Gobierno bonaerense autoriz\u00f3 un nuevo aumento para noviembre y diciembre para todos los niveles de ense\u00f1anza.<\/p>\n","protected":false},"author":4,"featured_media":12774,"comment_status":"closed","ping_status":"closed","sticky":false,"template":"","format":"standard","meta":{"_monsterinsights_skip_tracking":false,"_monsterinsights_sitenote_active":false,"_monsterinsights_sitenote_note":"","_monsterinsights_sitenote_category":0,"footnotes":""},"categories":[6,5],"tags":[58,2539,356],"class_list":["post-16254","post","type-post","status-publish","format-standard","has-post-thumbnail","hentry","category-economia","category-sociedad","tag-aumento","tag-colegios-privados","tag-provincia"],"_links":{"self":[{"href":"https:\/\/www.visionweb.com.ar\/index.php?rest_route=\/wp\/v2\/posts\/16254","targetHints":{"allow":["GET"]}}],"collection":[{"href":"https:\/\/www.visionweb.com.ar\/index.php?rest_route=\/wp\/v2\/posts"}],"about":[{"href":"https:\/\/www.visionweb.com.ar\/index.php?rest_route=\/wp\/v2\/types\/post"}],"author":[{"embeddable":true,"href":"https:\/\/www.visionweb.com.ar\/index.php?rest_route=\/wp\/v2\/users\/4"}],"replies":[{"embeddable":true,"href":"https:\/\/www.visionweb.com.ar\/index.php?rest_route=%2Fwp%2Fv2%2Fcomments&post=16254"}],"version-history":[{"count":1,"href":"https:\/\/www.visionweb.com.ar\/index.php?rest_route=\/wp\/v2\/posts\/16254\/revisions"}],"predecessor-version":[{"id":16256,"href":"https:\/\/www.visionweb.com.ar\/index.php?rest_route=\/wp\/v2\/posts\/16254\/revisions\/16256"}],"wp:featuredmedia":[{"embeddable":true,"href":"https:\/\/www.visionweb.com.ar\/index.php?rest_route=\/wp\/v2\/media\/12774"}],"wp:attachment":[{"href":"https:\/\/www.visionweb.com.ar\/index.php?rest_route=%2Fwp%2Fv2%2Fmedia&parent=16254"}],"wp:term":[{"taxonomy":"category","embeddable":true,"href":"https:\/\/www.visionweb.com.ar\/index.php?rest_route=%2Fwp%2Fv2%2Fcategories&post=16254"},{"taxonomy":"post_tag","embeddable":true,"href":"https:\/\/www.visionweb.com.ar\/index.php?rest_route=%2Fwp%2Fv2%2Ftags&post=16254"}],"curies":[{"name":"wp","href":"https:\/\/api.w.org\/{rel}","templated":true}]}}