{"id":16248,"date":"2024-10-30T08:27:44","date_gmt":"2024-10-30T11:27:44","guid":{"rendered":"https:\/\/www.visionweb.com.ar\/?p=16248"},"modified":"2024-10-30T09:01:40","modified_gmt":"2024-10-30T12:01:40","slug":"comenzo-el-paro-del-transporte-no-hay-trenes-subtes-aviones-ni-barcos","status":"publish","type":"post","link":"https:\/\/www.visionweb.com.ar\/?p=16248","title":{"rendered":"Comenz\u00f3 el paro del transporte: No hay trenes, subtes, aviones ni barcos"},"content":{"rendered":"<p><em><strong>Clases complicadas en escuelas y universidades. Los sindicatos Suteba, FEB y Udocba se pliegan a la medida de fuerza para reclamar m\u00e1s fondos al Gobierno. Hoy hay unos pocos colectivos en circulaci\u00f3n, y ma\u00f1ana no habr\u00e1.<\/strong><\/em><!--more--><\/p>\n<p><strong><img loading=\"lazy\" decoding=\"async\" class=\"size-medium wp-image-16249 alignright\" src=\"https:\/\/www.visionweb.com.ar\/wp-content\/uploads\/2024\/10\/paro-trenes-300x175.png\" alt=\"\" width=\"300\" height=\"175\" srcset=\"https:\/\/www.visionweb.com.ar\/wp-content\/uploads\/2024\/10\/paro-trenes-300x175.png 300w, https:\/\/www.visionweb.com.ar\/wp-content\/uploads\/2024\/10\/paro-trenes.png 332w\" sizes=\"auto, (max-width: 300px) 100vw, 300px\" \/>\u00a0 \u00a0 \u00a0Se i<\/strong>nici\u00f3 hoy desde la medianoche una <strong>nueva protesta de los gremios<\/strong> m\u00e1s combativos del transporte que, con excepci\u00f3n de la UTA, mantendr\u00e1n por el plazo de 24 horas, y que afecta a\u00a0<strong>trenes, aviones, camiones, subtes, barcos y la actividad portuaria.<\/strong><\/p>\n<p>Tambi\u00e9n cuenta con el apoyo de <strong>movimientos sociales, estatales de ATE, universitarios y diversos gremios docentes<\/strong>, lo que complica el dictado de clases en escuelas bonaerenses.<\/p>\n<p>De esta forma no hay trenes, subtes, aviones, barcos y tampoco camiones, por lo que la medida de fuerza incluye la recolecci\u00f3n de basura. Hay en l\u00ednea unos pocos colectivos, que ma\u00f1ana llevar\u00e1n a cabo su propia medida.<\/p>\n<p><strong>En esa l\u00ednea, el Gobierno desde la aplicaci\u00f3n MiArgentina cuestion\u00f3 el paro, apunt\u00f3 contra Moyano y Bir\u00f3, y dej\u00f3 abierta una l\u00ednea de denuncias para aquellos que se vean obligados a parar<\/strong>\u00a0en contra de su voluntad.<\/p>\n<p>El vocero\u00a0<strong>Manuel Adorni<\/strong>\u00a0cuestion\u00f3 ayer a los gremios que convocar\u00e1n a medidas de fuerza que se llevar\u00e1n a cabo ma\u00f1ana y el jueves, si para la UTA, al sostener que\u00a0<strong>\u201cparan los privilegiados, los que pueden darse el lujo de parar\u201d<\/strong>.<\/p>\n<p>El texto recibido por los usuarios de la aplicaci\u00f3n tiene el t\u00edtulo \u00abLos sindicalistas no te dejan trabajar\u00bb y dice<strong>: \u201cPor medida de fuerza de los gremialistas Moyano y Bir\u00f3 para cuidar sus privilegios, este mi\u00e9rcoles no habr\u00e1 servicio de transporte. Si te obligan a parar, llam\u00e1 al 134\u201d<\/strong>. Este mensaje fue enviado alrededor de las 19 horas del martes, justo antes de que comenzara el paro de transporte.<\/p>\n<p>Seg\u00fan expuso, la administraci\u00f3n libertaria hizo\u00a0\u201ctodo lo que se pudo en t\u00e9rminos de di\u00e1logo\u201d\u00a0para evitar las medidas que finalmente se realizar\u00e1n hoy y ma\u00f1ana y que afectar\u00e1n el\u00a0servicio de trenes, subtes, camiones, colectivos, transporte a\u00e9reo y mar\u00edtimo.<\/p>\n<p>Este mi\u00e9rcoles tambi\u00e9n<strong> hay paro de ATE, FATUN y FEDUN. CTERA <\/strong>se sum\u00f3 a la protesta.<strong> (VW)<\/strong><\/p>\n<p>&nbsp;<\/p>\n","protected":false},"excerpt":{"rendered":"<p>Clases complicadas en escuelas y universidades. Los sindicatos Suteba, FEB y Udocba se pliegan a la medida de fuerza para reclamar m\u00e1s fondos al Gobierno. Hoy hay unos pocos colectivos en circulaci\u00f3n, y ma\u00f1ana&#46;&#46;&#46;<\/p>\n","protected":false},"author":4,"featured_media":16249,"comment_status":"closed","ping_status":"closed","sticky":false,"template":"","format":"standard","meta":{"_monsterinsights_skip_tracking":false,"_monsterinsights_sitenote_active":false,"_monsterinsights_sitenote_note":"","_monsterinsights_sitenote_category":0,"footnotes":""},"categories":[4,5],"tags":[3372],"class_list":["post-16248","post","type-post","status-publish","format-standard","has-post-thumbnail","hentry","category-politica","category-sociedad","tag-paro-de-transportes"],"_links":{"self":[{"href":"https:\/\/www.visionweb.com.ar\/index.php?rest_route=\/wp\/v2\/posts\/16248","targetHints":{"allow":["GET"]}}],"collection":[{"href":"https:\/\/www.visionweb.com.ar\/index.php?rest_route=\/wp\/v2\/posts"}],"about":[{"href":"https:\/\/www.visionweb.com.ar\/index.php?rest_route=\/wp\/v2\/types\/post"}],"author":[{"embeddable":true,"href":"https:\/\/www.visionweb.com.ar\/index.php?rest_route=\/wp\/v2\/users\/4"}],"replies":[{"embeddable":true,"href":"https:\/\/www.visionweb.com.ar\/index.php?rest_route=%2Fwp%2Fv2%2Fcomments&post=16248"}],"version-history":[{"count":3,"href":"https:\/\/www.visionweb.com.ar\/index.php?rest_route=\/wp\/v2\/posts\/16248\/revisions"}],"predecessor-version":[{"id":16252,"href":"https:\/\/www.visionweb.com.ar\/index.php?rest_route=\/wp\/v2\/posts\/16248\/revisions\/16252"}],"wp:featuredmedia":[{"embeddable":true,"href":"https:\/\/www.visionweb.com.ar\/index.php?rest_route=\/wp\/v2\/media\/16249"}],"wp:attachment":[{"href":"https:\/\/www.visionweb.com.ar\/index.php?rest_route=%2Fwp%2Fv2%2Fmedia&parent=16248"}],"wp:term":[{"taxonomy":"category","embeddable":true,"href":"https:\/\/www.visionweb.com.ar\/index.php?rest_route=%2Fwp%2Fv2%2Fcategories&post=16248"},{"taxonomy":"post_tag","embeddable":true,"href":"https:\/\/www.visionweb.com.ar\/index.php?rest_route=%2Fwp%2Fv2%2Ftags&post=16248"}],"curies":[{"name":"wp","href":"https:\/\/api.w.org\/{rel}","templated":true}]}}