{"id":16240,"date":"2024-10-29T10:10:14","date_gmt":"2024-10-29T13:10:14","guid":{"rendered":"https:\/\/www.visionweb.com.ar\/?p=16240"},"modified":"2024-10-29T10:10:14","modified_gmt":"2024-10-29T13:10:14","slug":"paro-36-horas-de-estatales-en-reclamo-de-salarios","status":"publish","type":"post","link":"https:\/\/www.visionweb.com.ar\/?p=16240","title":{"rendered":"Paro 36 horas de estatales en reclamo de salarios"},"content":{"rendered":"<p><em><strong>ATE ratific\u00f3 el paro de estatales de 36 horas que iniciar\u00e1 al mediod\u00eda de este martes, e incluir\u00e1 una movilizaci\u00f3n masiva al Ministerio de Transformaci\u00f3n. Ma\u00f1ana mi\u00e9rcoles conjugar\u00e1 con el\u00a0paro nacional del transporte.<\/strong><\/em><!--more--><\/p>\n<div id=\"attachment_14240\" style=\"width: 310px\" class=\"wp-caption alignright\"><img loading=\"lazy\" decoding=\"async\" aria-describedby=\"caption-attachment-14240\" class=\"wp-image-14240 size-medium\" src=\"https:\/\/www.visionweb.com.ar\/wp-content\/uploads\/2024\/04\/ATE-EVALUA-UN-NUEVO-PARO-300x175.png\" alt=\"\" width=\"300\" height=\"175\" srcset=\"https:\/\/www.visionweb.com.ar\/wp-content\/uploads\/2024\/04\/ATE-EVALUA-UN-NUEVO-PARO-300x175.png 300w, https:\/\/www.visionweb.com.ar\/wp-content\/uploads\/2024\/04\/ATE-EVALUA-UN-NUEVO-PARO.png 640w\" sizes=\"auto, (max-width: 300px) 100vw, 300px\" \/><p id=\"caption-attachment-14240\" class=\"wp-caption-text\">Foto archivo<\/p><\/div>\n<p><strong> \u00a0\u00a0 E<\/strong>ste mediod\u00eda, los\u00a0<strong>estatales\u00a0<\/strong>nucleados en la\u00a0<strong>Asociaci\u00f3n de Trabajadores del Estado\u00a0<\/strong>(<strong><a href=\"https:\/\/ate.org.ar\/\">ATE<\/a><\/strong>), dar\u00e1n inicio a un\u00a0<strong>paro\u00a0<\/strong>de<strong>\u00a036 horas\u00a0<\/strong>que se extender\u00e1 hasta la \u00faltima hora del mi\u00e9rcoles, y estar\u00e1 acompa\u00f1ado de una\u00a0<strong>movilizaci\u00f3n\u00a0<\/strong>para repudiar el ajuste que lleva adelante el Gobierno de\u00a0<strong>Javier Milei\u00a0<\/strong>en toda la\u00a0<strong>administraci\u00f3n p\u00fablica<\/strong>.<\/p>\n<p>Seg\u00fan informaron desde\u00a0<strong>ATE<\/strong>, la movilizaci\u00f3n de los\u00a0<strong>estatales\u00a0<\/strong>nacionales tendr\u00e1 distintos puntos de salida a lo largo y ancho del pa\u00eds, mientras que en la\u00a0<strong>Ciudad Aut\u00f3noma de Buenos Aires\u00a0<\/strong>partir\u00e1 desde el obelisco hacia el\u00a0<strong>Ministerio de Desregulaci\u00f3n y Transformaci\u00f3n del Estado<\/strong>, que dirige <strong>Federico Sturzenegger<\/strong>.<\/p>\n<p>Este <strong>paro\u00a0<\/strong>de<strong>\u00a036 horas\u00a0<\/strong>se plegar\u00e1 ma\u00f1ana mi\u00e9rcoles con el\u00a0<strong>paro nacional de transporte<\/strong>, al que tambi\u00e9n se sumar\u00e1n sindicatos claves como camioneros, aeron\u00e1uticos, tranviarios, mar\u00edtimos, entre otros, que integran la flamante\u00a0Mesa Nacional del Transporte.<\/p>\n<p>En este contexto, el titular de ATE,\u00a0<strong>Rodolfo Aguiar<\/strong> manifest\u00f3 la gravedad de la situaci\u00f3n que atraviesan los\u00a0<strong>estatales nacionales<\/strong>, y la describi\u00f3 como un <strong>\u201cataque frontal a los derechos de los trabajadores\u201d<\/strong>. \u201cNos echan como perros, <strong>destruyen nuestros salarios y quieren vender todos los inmuebles del Estado<\/strong>. \u00bfCu\u00e1ndo van a parar si no es ahora?\u201d, declar\u00f3 el dirigente sindical.<\/p>\n<p>Asimismo, el secretario general de\u00a0<strong>ATE nacional\u00a0<\/strong>enfatiz\u00f3 que el conflicto que aqueja al sector p\u00fablico y que tiene como principales v\u00edctimas a los trabajadores\u00a0<strong>estatales\u00a0<\/strong>est\u00e1 \u201clejos de solucionarse\u201d, fundamentalmente porque el\u00a0<strong>Gobierno nacional\u00a0<\/strong>se niega a abrir las negociaciones paritarias con los gremios.<\/p>\n<p>De esta manera, el\u00a0<strong>paro\u00a0<\/strong>de<strong>\u00a036 horas\u00a0<\/strong>de los\u00a0<strong>estatales\u00a0<\/strong>no solo responde al reclamo de aumentos salariales para compensar la p\u00e9rdida de poder adquisitivo, que ya supera el 34% desde el inicio de la gesti\u00f3n de Milei.<\/p>\n<p>Adem\u00e1s, desde\u00a0<strong>ATE\u00a0<\/strong>tambi\u00e9n exigieron la reapertura de las negociaciones paritarias y la\u00a0<strong>reincorporaci\u00f3n de los trabajadores que fueron desvinculados en los \u00faltimos meses<\/strong>, en lo que consideran una \u201cola de despidos injustificados\u201d.<\/p>\n<p>\u201cEl\u00a0<strong>paro\u00a0<\/strong>de<strong>\u00a036 horas\u00a0<\/strong>de los\u00a0<strong>estatales\u00a0<\/strong>y el de transporte van a golpear fuerte al Presidente y a sus mandantes\u201d, advirti\u00f3\u00a0<strong>Aguiar<\/strong>\u00a0refiri\u00e9ndose al impacto que ambas huelgas podr\u00edan generar sobre la actividad nacional, al tiempo que se\u00f1al\u00f3 que los empleados p\u00fablicos, especialmente aquellos que deben alquilar y mantener a sus familias, \u201cno llegan ni a mitad de mes\u201d con sus salarios.<\/p>\n<p>Los <strong>estatales\u00a0<\/strong>nucleados en\u00a0<strong>ATE<\/strong>, informaron que la protesta contra el\u00a0<strong>Gobierno nacional\u00a0<\/strong>comenzar\u00e1 este martes a las 12 del mediod\u00eda en el\u00a0<strong>Obelisco\u00a0<\/strong>de la\u00a0<strong>Ciudad Aut\u00f3noma de Buenos Aires<\/strong>, desde donde los trabajadores marchar\u00e1n hacia la sede del\u00a0<strong>Ministerio de Desregulaci\u00f3n y Transformaci\u00f3n del Estado<\/strong>, ubicado en\u00a0<strong>Avenida Roque S\u00e1enz Pe\u00f1a 788<\/strong>, en el centro de la Capital.<\/p>\n<p>Esta medida adoptada por los\u00a0<strong>estatales\u00a0<\/strong>nacionales contar\u00e1 con el respaldo de la\u00a0<strong>Federaci\u00f3n Nacional de Docentes Universitarios\u00a0<\/strong>(<strong>CONADU<\/strong>), en reclamo por la p\u00e9rdida salarial que enfrenta el sector educativo.<\/p>\n<p>Seg\u00fan los relevamientos realizados por especialistas de la\u00a0<strong>CONADU<\/strong>, el salario de los\u00a0<strong>docentes universitarios\u00a0<\/strong>presenta un atraso del 30% en t\u00e9rminos reales y m\u00e1s de 60 puntos porcentuales respecto a la inflaci\u00f3n desde el inicio de la gesti\u00f3n de<strong> Milei<\/strong>, lo que est\u00e1 derivando en una crisis sin precedentes del sistema educativo superior.<\/p>\n<p>\u201cLa \u00fanica manera de evitar que el Estado termine de ser usurpado por los grandes grupos empresarios es estando en la calle\u201d, enfatiz\u00f3\u00a0<strong>Rodolfo Aguiar<\/strong>, al tiempo que subray\u00f3 la necesidad de una movilizaci\u00f3n contundente para revertir el rumbo actual de las pol\u00edticas laborales en Argentina. <strong>(VW)<\/strong><\/p>\n","protected":false},"excerpt":{"rendered":"<p>ATE ratific\u00f3 el paro de estatales de 36 horas que iniciar\u00e1 al mediod\u00eda de este martes, e incluir\u00e1 una movilizaci\u00f3n masiva al Ministerio de Transformaci\u00f3n. Ma\u00f1ana mi\u00e9rcoles conjugar\u00e1 con el\u00a0paro nacional del transporte.<\/p>\n","protected":false},"author":4,"featured_media":14240,"comment_status":"closed","ping_status":"closed","sticky":false,"template":"","format":"standard","meta":{"_monsterinsights_skip_tracking":false,"_monsterinsights_sitenote_active":false,"_monsterinsights_sitenote_note":"","_monsterinsights_sitenote_category":0,"footnotes":""},"categories":[4],"tags":[2719,5142,6886],"class_list":["post-16240","post","type-post","status-publish","format-standard","has-post-thumbnail","hentry","category-politica","tag-ate","tag-conadu","tag-paro-36-horas"],"_links":{"self":[{"href":"https:\/\/www.visionweb.com.ar\/index.php?rest_route=\/wp\/v2\/posts\/16240","targetHints":{"allow":["GET"]}}],"collection":[{"href":"https:\/\/www.visionweb.com.ar\/index.php?rest_route=\/wp\/v2\/posts"}],"about":[{"href":"https:\/\/www.visionweb.com.ar\/index.php?rest_route=\/wp\/v2\/types\/post"}],"author":[{"embeddable":true,"href":"https:\/\/www.visionweb.com.ar\/index.php?rest_route=\/wp\/v2\/users\/4"}],"replies":[{"embeddable":true,"href":"https:\/\/www.visionweb.com.ar\/index.php?rest_route=%2Fwp%2Fv2%2Fcomments&post=16240"}],"version-history":[{"count":1,"href":"https:\/\/www.visionweb.com.ar\/index.php?rest_route=\/wp\/v2\/posts\/16240\/revisions"}],"predecessor-version":[{"id":16241,"href":"https:\/\/www.visionweb.com.ar\/index.php?rest_route=\/wp\/v2\/posts\/16240\/revisions\/16241"}],"wp:featuredmedia":[{"embeddable":true,"href":"https:\/\/www.visionweb.com.ar\/index.php?rest_route=\/wp\/v2\/media\/14240"}],"wp:attachment":[{"href":"https:\/\/www.visionweb.com.ar\/index.php?rest_route=%2Fwp%2Fv2%2Fmedia&parent=16240"}],"wp:term":[{"taxonomy":"category","embeddable":true,"href":"https:\/\/www.visionweb.com.ar\/index.php?rest_route=%2Fwp%2Fv2%2Fcategories&post=16240"},{"taxonomy":"post_tag","embeddable":true,"href":"https:\/\/www.visionweb.com.ar\/index.php?rest_route=%2Fwp%2Fv2%2Ftags&post=16240"}],"curies":[{"name":"wp","href":"https:\/\/api.w.org\/{rel}","templated":true}]}}