{"id":16238,"date":"2024-10-29T09:52:21","date_gmt":"2024-10-29T12:52:21","guid":{"rendered":"https:\/\/www.visionweb.com.ar\/?p=16238"},"modified":"2024-10-29T09:52:21","modified_gmt":"2024-10-29T12:52:21","slug":"universidades-los-gastos-van-a-entrar-en-un-sistema-de-compras-publicas","status":"publish","type":"post","link":"https:\/\/www.visionweb.com.ar\/?p=16238","title":{"rendered":"Universidades: Los gastos van a entrar en un sistema de compras p\u00fablicas"},"content":{"rendered":"<p><em><strong>\u201cUniversidades m\u00e1s transparentes\u201d: En medio del conflicto con las universidades por el financiamiento y las auditor\u00edas, Sturzenegger hizo el anuncio.<\/strong><\/em><!--more--><\/p>\n<p><strong> <img loading=\"lazy\" decoding=\"async\" class=\"size-medium wp-image-15058 alignright\" src=\"https:\/\/www.visionweb.com.ar\/wp-content\/uploads\/2024\/07\/FEDERICO-STURZENEGGER-300x169.png\" alt=\"\" width=\"300\" height=\"169\" srcset=\"https:\/\/www.visionweb.com.ar\/wp-content\/uploads\/2024\/07\/FEDERICO-STURZENEGGER-300x169.png 300w, https:\/\/www.visionweb.com.ar\/wp-content\/uploads\/2024\/07\/FEDERICO-STURZENEGGER.png 640w\" sizes=\"auto, (max-width: 300px) 100vw, 300px\" \/>\u00a0\u00a0\u00a0\u00a0 E<\/strong>l ministro de Desregulaci\u00f3n y Transformaci\u00f3n del Estado,\u00a0<strong>Federico Sturzenegger, anunci\u00f3 que \u201clos gastos que realicen las\u00a0universidades\u00a0van a entrar en un sistema de compras p\u00fablicas\u201d<\/strong>\u00a0y remarc\u00f3 que de esa manera van a \u201csalir con m\u00e1s transparencia\u201d.<\/p>\n<p>\u201cEsta semana o la que viene se van a dar tres resoluciones. Los gastos que hagan las universidades van a tener que estar registrados en el sector de gastos p\u00fablicos.\u00a0<strong>Sabemos que son aut\u00f3nomas y pueden gastar en lo que quieran, pero al ser p\u00fablicas no quiere decir que puedan gastar como quieran<\/strong>\u201d, indic\u00f3 el funcionario nacional.<\/p>\n<p>Sturzenegger afirm\u00f3 que van a \u201cprohibir los contratos interadministrativos\u201d y asegur\u00f3 que van \u201ca salir de ese proceso con universidades m\u00e1s transparentes\u201d.<\/p>\n<p>\u201cEl conflicto empez\u00f3 como una puja salarial y el presidente dijo que no est\u00e1 en discusi\u00f3n ni la universidad p\u00fablica ni que est\u00e9 arancelada\u201d, sostuvo.<\/p>\n<p>Y detall\u00f3: \u201cMilei dijo que le dieron el mayor aumento salarial a los docentes universitario,\u00a0recompusimos el gasto de financiamiento que Alberto Fern\u00e1ndez\u00a0hab\u00eda congelado durante 14 meses de manera nominal, con una inflaci\u00f3n del 200 por ciento\u201d.<\/p>\n<p>En declaraciones a TN, el funcionario a\u00f1adi\u00f3: \u201cEl presidente plante\u00f3 \u00bfa d\u00f3nde va a parar a el resto de la plata que no va a docentes o a gastos de funcionamiento? Vamos a auditar eso\u201d, culmin\u00f3<strong>. (VW)<\/strong><\/p>\n<p>&nbsp;<\/p>\n","protected":false},"excerpt":{"rendered":"<p>\u201cUniversidades m\u00e1s transparentes\u201d: En medio del conflicto con las universidades por el financiamiento y las auditor\u00edas, Sturzenegger hizo el anuncio.<\/p>\n","protected":false},"author":4,"featured_media":15058,"comment_status":"closed","ping_status":"closed","sticky":false,"template":"","format":"standard","meta":{"_monsterinsights_skip_tracking":false,"_monsterinsights_sitenote_active":false,"_monsterinsights_sitenote_note":"","_monsterinsights_sitenote_category":0,"footnotes":""},"categories":[4],"tags":[980,6885,6505,405],"class_list":["post-16238","post","type-post","status-publish","format-standard","has-post-thumbnail","hentry","category-politica","tag-gastos","tag-sistema-de-compras-publicas","tag-sturzenegger","tag-universidades"],"_links":{"self":[{"href":"https:\/\/www.visionweb.com.ar\/index.php?rest_route=\/wp\/v2\/posts\/16238","targetHints":{"allow":["GET"]}}],"collection":[{"href":"https:\/\/www.visionweb.com.ar\/index.php?rest_route=\/wp\/v2\/posts"}],"about":[{"href":"https:\/\/www.visionweb.com.ar\/index.php?rest_route=\/wp\/v2\/types\/post"}],"author":[{"embeddable":true,"href":"https:\/\/www.visionweb.com.ar\/index.php?rest_route=\/wp\/v2\/users\/4"}],"replies":[{"embeddable":true,"href":"https:\/\/www.visionweb.com.ar\/index.php?rest_route=%2Fwp%2Fv2%2Fcomments&post=16238"}],"version-history":[{"count":1,"href":"https:\/\/www.visionweb.com.ar\/index.php?rest_route=\/wp\/v2\/posts\/16238\/revisions"}],"predecessor-version":[{"id":16239,"href":"https:\/\/www.visionweb.com.ar\/index.php?rest_route=\/wp\/v2\/posts\/16238\/revisions\/16239"}],"wp:featuredmedia":[{"embeddable":true,"href":"https:\/\/www.visionweb.com.ar\/index.php?rest_route=\/wp\/v2\/media\/15058"}],"wp:attachment":[{"href":"https:\/\/www.visionweb.com.ar\/index.php?rest_route=%2Fwp%2Fv2%2Fmedia&parent=16238"}],"wp:term":[{"taxonomy":"category","embeddable":true,"href":"https:\/\/www.visionweb.com.ar\/index.php?rest_route=%2Fwp%2Fv2%2Fcategories&post=16238"},{"taxonomy":"post_tag","embeddable":true,"href":"https:\/\/www.visionweb.com.ar\/index.php?rest_route=%2Fwp%2Fv2%2Ftags&post=16238"}],"curies":[{"name":"wp","href":"https:\/\/api.w.org\/{rel}","templated":true}]}}