{"id":16237,"date":"2024-10-29T10:19:33","date_gmt":"2024-10-29T13:19:33","guid":{"rendered":"https:\/\/www.visionweb.com.ar\/?p=16237"},"modified":"2024-10-29T10:21:56","modified_gmt":"2024-10-29T13:21:56","slug":"kicillof-encabezo-la-apertura-de-la-etapa-final-de-los-juegos-bonaerenses-2024","status":"publish","type":"post","link":"https:\/\/www.visionweb.com.ar\/?p=16237","title":{"rendered":"Kicillof encabez\u00f3 la apertura de la etapa final de los Juegos Bonaerenses 2024"},"content":{"rendered":"<p><em><strong>Adem\u00e1s, el Gobernador inaugur\u00f3 la puesta en valor del edificio de la Escuela Secundaria N\u00ba38.\u00a0 Las finales se llevar\u00e1n a cabo hasta el 2 de noviembre y contar\u00e1n con m\u00e1s de 100 disciplinas para j\u00f3venes.<\/strong><\/em><!--more--><\/p>\n<p><img loading=\"lazy\" decoding=\"async\" class=\"size-medium wp-image-16242 alignright\" src=\"https:\/\/www.visionweb.com.ar\/wp-content\/uploads\/2024\/10\/DEPORTES-BONAERENSES-300x157.png\" alt=\"\" width=\"300\" height=\"157\" srcset=\"https:\/\/www.visionweb.com.ar\/wp-content\/uploads\/2024\/10\/DEPORTES-BONAERENSES-300x157.png 300w, https:\/\/www.visionweb.com.ar\/wp-content\/uploads\/2024\/10\/DEPORTES-BONAERENSES.png 640w\" sizes=\"auto, (max-width: 300px) 100vw, 300px\" \/>Este lunes se concret\u00f3 en la ciudad de Mar del Plata el acto de apertura de las finales de la 33\u00aa edici\u00f3n de los Juegos Bonaerenses, en las que participan m\u00e1s de 26 mil j\u00f3venes y adultos en actividades deportivas y culturales.<\/p>\n<p>El acto de apertura fue encabezado por el gobernador bonaerense Axel Kicillof, junto al ministro de Desarrollo de la Comunidad, Andr\u00e9s Larroque; y el subsecretario de Deportes, Leandro Lurati.<\/p>\n<p>En ese marco, Kicillof afirm\u00f3: \u201cEstamos muy felices porque esta edici\u00f3n de los Juegos Bonaerenses marc\u00f3 un nuevo r\u00e9cord de participaci\u00f3n de los j\u00f3venes y adultos de toda la provincia de Buenos Aires\u201d. \u201cLo logramos en un contexto muy complejo para nuestro pa\u00eds, en el que el Gobierno nacional est\u00e1 llevando adelante un ajuste que tambi\u00e9n impacta en el deporte\u201d, se\u00f1al\u00f3.<\/p>\n<p>\u201cEste a\u00f1o destinamos $12.000 millones para estos juegos, cuatro veces m\u00e1s de lo que la Naci\u00f3n previ\u00f3 para los Juegos Evita: para nosotros no se trata de un gasto, sino de una inversi\u00f3n\u201d, se\u00f1al\u00f3 el Gobernador y subray\u00f3: \u201cTodo esto genera puestos de trabajo, turismo y consumo, pero adem\u00e1s estamos convencidos de que, en tiempos de crisis, no hay nada mejor para los pibes y las pibas que compartir experiencias y disfrutar del deporte y la cultura\u201d.<\/p>\n<p>Las finales se llevar\u00e1n a cabo hasta el 2 de noviembre y contar\u00e1n con m\u00e1s de 100 disciplinas para j\u00f3venes, personas con discapacidad, trasplantadas y adultos mayores. A su vez, ante el desfinanciamiento del Gobierno nacional a los Juegos Nacionales Evita, el evento albergar\u00e1 tambi\u00e9n de forma exclusiva a la Copa Buenos Aires.<\/p>\n<p>La edici\u00f3n 2024 registr\u00f3 un r\u00e9cord de participaci\u00f3n con 470 mil bonaerenses inscriptos. Adem\u00e1s, tuvo como novedad una nueva instancia interregional desarrollada en ocho sedes: La Plata, Mar Chiquita, Ezeiza, Pilar, San Fernando, Pehuaj\u00f3, Bah\u00eda Blanca y La Matanza.<\/p>\n<p><strong>Puesta en valor de edificio educativo<\/strong><\/p>\n<p>Durante la jornada, el Gobernador inaugur\u00f3 formalmente la puesta en valor del edificio de la Escuela Secundaria N\u00b038 de Mar del Plata, junto al director general de Cultura y Educaci\u00f3n, Alberto Sileoni, y la directora de la instituci\u00f3n, Karina Peralta.<\/p>\n<p>\u201cEntre las m\u00e1s de mil obras que el Gobierno nacional fren\u00f3 en territorio bonaerense, 80 pertenecen a escuelas que dejaron sin terminar en distintos municipios\u201d, explic\u00f3 Kicillof y agreg\u00f3: \u201cNosotros, por el contrario, tenemos un plan de infraestructura escolar en curso que ya nos permiti\u00f3 inaugurar 231 edificios educativos y finalizar 7.500 obras en establecimientos de toda la provincia\u201d.<\/p>\n<p>Adem\u00e1s, el Gobernador se\u00f1al\u00f3: \u201cVamos a seguir trabajando para garantizar el acceso a la educaci\u00f3n p\u00fablica de todas y todos los bonaerenses: para que haya verdaderamente libertad, necesitamos que cada uno pueda contar con las oportunidades que le permitan construir un futuro mejor\u201d.<\/p>\n<p>Con una inversi\u00f3n de $256 millones, la obra se llev\u00f3 adelante en una propiedad adquirida por el Gobierno provincial y abarc\u00f3 tareas de refacci\u00f3n integral; instalaci\u00f3n el\u00e9ctrica, de gas y de calefacci\u00f3n; reemplazo de carpinter\u00edas; e instalaci\u00f3n de caldera. De esta manera, la escuela cuenta con 13 aulas equipadas, laboratorio, sala de radio y sala multimedia, entre otros espacios.<\/p>\n<p>Por su parte, Sileoni remarc\u00f3: \u00abLo mejor que podemos hacer por la escuela p\u00fablica es seguir transform\u00e1ndola como venimos haciendo: ante la deserci\u00f3n del Gobierno nacional, el Estado provincial sigue cumpliendo sus obligaciones y acompa\u00f1ando al pueblo d\u00eda a d\u00eda para garantizar y ampliar sus derechos\u00bb.<\/p>\n<p>\u201cEsta escuela no es un simple edificio, es producto de una comunidad educativa que se organiza y de un Estado que responde: hoy m\u00e1s que nunca levantamos la bandera de la educaci\u00f3n p\u00fablica y agradecemos a quienes trabajan por garantizar ese derecho\u201d, sostuvo la directora Peralta.<\/p>\n<p>Participaron de las actividades la jefa de Asesores del Gobernador, Cristina \u00c1lvarez Rodr\u00edguez; la \u00a0ministra de H\u00e1bitat y Desarrollo Urbano, Silvina Batakis; el presidente del Banco Provincia, Juan Cuattromo; el asesor General de Gobierno, Santiago P\u00e9rez Teruel; la secretaria general de la Gobernaci\u00f3n, Agustina Vila; la subsecretaria de Promoci\u00f3n Sociocultural, Lorena Riesgo; la directora ejecutiva del Organismo Provincial de Integraci\u00f3n Social y Urbana (OPISU), Romina Barrios; la diputada nacional Victoria Tolosa Paz; el legislador provincial Gustavo Pulti; intendentes e intendentas bonaerenses; concejales y concejalas<strong>(VW)<\/strong>.<\/p>\n","protected":false},"excerpt":{"rendered":"<p>Adem\u00e1s, el Gobernador inaugur\u00f3 la puesta en valor del edificio de la Escuela Secundaria N\u00ba38.\u00a0 Las finales se llevar\u00e1n a cabo hasta el 2 de noviembre y contar\u00e1n con m\u00e1s de 100 disciplinas para&#46;&#46;&#46;<\/p>\n","protected":false},"author":3,"featured_media":16242,"comment_status":"closed","ping_status":"closed","sticky":false,"template":"","format":"standard","meta":{"_monsterinsights_skip_tracking":false,"_monsterinsights_sitenote_active":false,"_monsterinsights_sitenote_note":"","_monsterinsights_sitenote_category":0,"footnotes":""},"categories":[7,5],"tags":[147,6887,247],"class_list":["post-16237","post","type-post","status-publish","format-standard","has-post-thumbnail","hentry","category-educacion-y-cultura","category-sociedad","tag-deportes","tag-escuela-no-38","tag-mar-del-plata"],"_links":{"self":[{"href":"https:\/\/www.visionweb.com.ar\/index.php?rest_route=\/wp\/v2\/posts\/16237","targetHints":{"allow":["GET"]}}],"collection":[{"href":"https:\/\/www.visionweb.com.ar\/index.php?rest_route=\/wp\/v2\/posts"}],"about":[{"href":"https:\/\/www.visionweb.com.ar\/index.php?rest_route=\/wp\/v2\/types\/post"}],"author":[{"embeddable":true,"href":"https:\/\/www.visionweb.com.ar\/index.php?rest_route=\/wp\/v2\/users\/3"}],"replies":[{"embeddable":true,"href":"https:\/\/www.visionweb.com.ar\/index.php?rest_route=%2Fwp%2Fv2%2Fcomments&post=16237"}],"version-history":[{"count":3,"href":"https:\/\/www.visionweb.com.ar\/index.php?rest_route=\/wp\/v2\/posts\/16237\/revisions"}],"predecessor-version":[{"id":16245,"href":"https:\/\/www.visionweb.com.ar\/index.php?rest_route=\/wp\/v2\/posts\/16237\/revisions\/16245"}],"wp:featuredmedia":[{"embeddable":true,"href":"https:\/\/www.visionweb.com.ar\/index.php?rest_route=\/wp\/v2\/media\/16242"}],"wp:attachment":[{"href":"https:\/\/www.visionweb.com.ar\/index.php?rest_route=%2Fwp%2Fv2%2Fmedia&parent=16237"}],"wp:term":[{"taxonomy":"category","embeddable":true,"href":"https:\/\/www.visionweb.com.ar\/index.php?rest_route=%2Fwp%2Fv2%2Fcategories&post=16237"},{"taxonomy":"post_tag","embeddable":true,"href":"https:\/\/www.visionweb.com.ar\/index.php?rest_route=%2Fwp%2Fv2%2Ftags&post=16237"}],"curies":[{"name":"wp","href":"https:\/\/api.w.org\/{rel}","templated":true}]}}