{"id":16218,"date":"2024-10-25T11:47:25","date_gmt":"2024-10-25T14:47:25","guid":{"rendered":"https:\/\/www.visionweb.com.ar\/?p=16218"},"modified":"2024-10-25T11:47:25","modified_gmt":"2024-10-25T14:47:25","slug":"universidades-se-esta-generando-un-dano-que-llevara-mucho-tiempo-de-reparar","status":"publish","type":"post","link":"https:\/\/www.visionweb.com.ar\/?p=16218","title":{"rendered":"Universidades: \u00abSe est\u00e1 generando un da\u00f1o que llevar\u00e1 mucho tiempo de reparar\u201d"},"content":{"rendered":"<p><em><strong>El Dr. Esteban Ciarlo redujo su dedicaci\u00f3n en la Facultad para trabajar en la actividad privada. En la nota explica por qu\u00e9 tom\u00f3 esa decisi\u00f3n y pide a la sociedad que acompa\u00f1e la lucha de las universidades p\u00fablicas.<\/strong><\/em><!--more--><\/p>\n<p><img loading=\"lazy\" decoding=\"async\" class=\"size-medium wp-image-16219 alignright\" src=\"https:\/\/www.visionweb.com.ar\/wp-content\/uploads\/2024\/10\/EXODO-UNIVERSIDADES-300x160.png\" alt=\"\" width=\"300\" height=\"160\" srcset=\"https:\/\/www.visionweb.com.ar\/wp-content\/uploads\/2024\/10\/EXODO-UNIVERSIDADES-300x160.png 300w, https:\/\/www.visionweb.com.ar\/wp-content\/uploads\/2024\/10\/EXODO-UNIVERSIDADES.png 640w\" sizes=\"auto, (max-width: 300px) 100vw, 300px\" \/>La decana de la Facultad de Agronom\u00eda de la UBA, Adriana Rodr\u00edguez, manifest\u00f3 recientemente su preocupaci\u00f3n por la renuncia de j\u00f3venes docentes e investigadores quienes, a pesar de contar con posgrados y trayectorias en investigaci\u00f3n, abandonaron sus cargos para radicarse y trabajar en universidades del exterior.<\/p>\n<p>A esta problem\u00e1tica se le suma una nueva preocupaci\u00f3n: muchos profesores de la FAUBA han disminuido sus horas para enfocarse a la actividad privada.<\/p>\n<p>Entre otros, tal es el caso del <strong>Dr. Esteban Ciarlo<\/strong>, de la C\u00e1tedra de Edafolog\u00eda quien, tras 26 a\u00f1os de ejercer la docencia y la investigaci\u00f3n en Agronom\u00eda, redujo su dedicaci\u00f3n de exclusiva a simple.<\/p>\n<p>\u201cTrabajo en FAUBA desde marzo de 1998. En noviembre del a\u00f1o pasado apareci\u00f3 una oferta laboral muy interesante que motiv\u00f3 un pedido de licencia y finalmente una reducci\u00f3n en la dedicaci\u00f3n. En principio la decisi\u00f3n no pas\u00f3 por el salario. Pero al vencer la licencia este a\u00f1o, cuando tuve que decidir entre las dos opciones, el salario, y sobre todo las condiciones generales de desfinanciaci\u00f3n evidente a la universidad p\u00fablica, fueron un factor adicional para definir la decisi\u00f3n de reducci\u00f3n del tiempo dedicado al trabajo universitario\u201d, expres\u00f3 el docente.<\/p>\n<p>Ciarlo se especializa en investigar las propiedades de los suelos relacionadas con la fertilidad y, desde hace varios a\u00f1os, se dedica al an\u00e1lisis de suelos y diagn\u00f3stico. Afirm\u00f3 que contin\u00faa como profesor porque considera a la FAUBA su segunda casa.<\/p>\n<p>\u201cRealmente no me veo en este contexto aumentando nuevamente la dedicaci\u00f3n, m\u00e1s all\u00e1 de que cuando se empieza una carrera en otro \u00e1mbito probablemente tampoco sea tan sencillo volver a ocupar el lugar dejado. Si adem\u00e1s el lugar donde se empieza una nueva carrera uno\u00a0es tratado con el mismo respeto que en la facultad, y con un trabajo atractivo y desafiante, como es mi caso particular, la vuelta tambi\u00e9n supongo que se hace m\u00e1s dif\u00edcil\u201d, manifest\u00f3.<\/p>\n<p>En este contexto, asegur\u00f3 que siente \u201cabsoluta tristeza y perplejidad\u201d por la situaci\u00f3n que atraviesa la universidad p\u00fablica. \u201cEste a\u00f1o entiendo que, por una disputa ideol\u00f3gica, nos obligaron a reaccionar y se est\u00e1 generando un da\u00f1o que llevar\u00e1 mucho tiempo de reparar, como es la partida de j\u00f3venes del sistema de investigaci\u00f3n universitaria\u201d, asegur\u00f3.<\/p>\n<p>\u201cEn Argentina \u2013 agreg\u00f3 el docente &#8211; una de las pocas cosas p\u00fablicas que nadie puede dudar que funciona es la universidad p\u00fablica, particularmente la UBA que lidera los r\u00e1nkings internacionales, no se entiende que es lo que se quiere lograr desfinanciando\u00a0hospitales, la investigaci\u00f3n o pagando salarios de pobreza a los docentes y nodocentes\u201d.<\/p>\n<p>Para cerrar, pidi\u00f3 a la sociedad que acompa\u00f1e la lucha de las universidades. \u201cLa universidad p\u00fablica es la mejor herramienta de movilidad social, y no hay mejor \u00e1mbito para aprender a pensar es en las aulas de una universidad. Y que generar educaci\u00f3n de excelencia es muy dif\u00edcil de hacer y muy dif\u00edcil de recuperar cuando se pierde\u201d, finaliz\u00f3 Ciarlo<\/p>\n","protected":false},"excerpt":{"rendered":"<p>El Dr. Esteban Ciarlo redujo su dedicaci\u00f3n en la Facultad para trabajar en la actividad privada. En la nota explica por qu\u00e9 tom\u00f3 esa decisi\u00f3n y pide a la sociedad que acompa\u00f1e la lucha&#46;&#46;&#46;<\/p>\n","protected":false},"author":3,"featured_media":16219,"comment_status":"closed","ping_status":"closed","sticky":false,"template":"","format":"standard","meta":{"_monsterinsights_skip_tracking":false,"_monsterinsights_sitenote_active":false,"_monsterinsights_sitenote_note":"","_monsterinsights_sitenote_category":0,"footnotes":""},"categories":[8],"tags":[5036,410,1357,4918],"class_list":["post-16218","post","type-post","status-publish","format-standard","has-post-thumbnail","hentry","category-interes-general","tag-agronomia","tag-docentes","tag-investigadores","tag-uba"],"_links":{"self":[{"href":"https:\/\/www.visionweb.com.ar\/index.php?rest_route=\/wp\/v2\/posts\/16218","targetHints":{"allow":["GET"]}}],"collection":[{"href":"https:\/\/www.visionweb.com.ar\/index.php?rest_route=\/wp\/v2\/posts"}],"about":[{"href":"https:\/\/www.visionweb.com.ar\/index.php?rest_route=\/wp\/v2\/types\/post"}],"author":[{"embeddable":true,"href":"https:\/\/www.visionweb.com.ar\/index.php?rest_route=\/wp\/v2\/users\/3"}],"replies":[{"embeddable":true,"href":"https:\/\/www.visionweb.com.ar\/index.php?rest_route=%2Fwp%2Fv2%2Fcomments&post=16218"}],"version-history":[{"count":1,"href":"https:\/\/www.visionweb.com.ar\/index.php?rest_route=\/wp\/v2\/posts\/16218\/revisions"}],"predecessor-version":[{"id":16220,"href":"https:\/\/www.visionweb.com.ar\/index.php?rest_route=\/wp\/v2\/posts\/16218\/revisions\/16220"}],"wp:featuredmedia":[{"embeddable":true,"href":"https:\/\/www.visionweb.com.ar\/index.php?rest_route=\/wp\/v2\/media\/16219"}],"wp:attachment":[{"href":"https:\/\/www.visionweb.com.ar\/index.php?rest_route=%2Fwp%2Fv2%2Fmedia&parent=16218"}],"wp:term":[{"taxonomy":"category","embeddable":true,"href":"https:\/\/www.visionweb.com.ar\/index.php?rest_route=%2Fwp%2Fv2%2Fcategories&post=16218"},{"taxonomy":"post_tag","embeddable":true,"href":"https:\/\/www.visionweb.com.ar\/index.php?rest_route=%2Fwp%2Fv2%2Ftags&post=16218"}],"curies":[{"name":"wp","href":"https:\/\/api.w.org\/{rel}","templated":true}]}}