{"id":16214,"date":"2024-10-25T08:47:01","date_gmt":"2024-10-25T11:47:01","guid":{"rendered":"https:\/\/www.visionweb.com.ar\/?p=16214"},"modified":"2024-10-25T08:47:01","modified_gmt":"2024-10-25T11:47:01","slug":"femeba-analiza-cortar-prestaciones-por-30-dias-por-su-conflicto-con-el-ioma","status":"publish","type":"post","link":"https:\/\/www.visionweb.com.ar\/?p=16214","title":{"rendered":"Femeba analiza cortar prestaciones por 30 d\u00edas por su conflicto con el IOMA"},"content":{"rendered":"<p><em><strong>La Federaci\u00f3n M\u00e9dica de Buenos Aires junto con entidades del sector salud se reunieron con senadores provinciales para analizar la situaci\u00f3n.<\/strong><\/em><!--more--><\/p>\n<p><img loading=\"lazy\" decoding=\"async\" class=\"size-medium wp-image-11801 alignright\" src=\"https:\/\/www.visionweb.com.ar\/wp-content\/uploads\/2023\/09\/a-femeba-300x156.png\" alt=\"\" width=\"300\" height=\"156\" srcset=\"https:\/\/www.visionweb.com.ar\/wp-content\/uploads\/2023\/09\/a-femeba-300x156.png 300w, https:\/\/www.visionweb.com.ar\/wp-content\/uploads\/2023\/09\/a-femeba.png 417w\" sizes=\"auto, (max-width: 300px) 100vw, 300px\" \/>La Federaci\u00f3n M\u00e9dica de Buenos Aires (Femeba) analiza un cese de actividades por treinta d\u00edas en la atenci\u00f3n a los afiliados del Instituto de Obra M\u00e9dico Asistencial (IOMA). A su vez, en el marco del conflicto, Femeba junto con entidades del sector salud se reunieron con senadores provinciales para analizar la situaci\u00f3n.<\/p>\n<p>En cuanto al cese de prestaciones, en un comunicado Femeba inform\u00f3 que \u201ccon la participaci\u00f3n de dirigentes de 89 partidos de la provincia de Buenos Aires,\u00a0<strong>se llev\u00f3 a cabo la reuni\u00f3n de presidentes de Entidades Primarias prevista para debatir acerca del conflicto\u00a0<\/strong>suscitado a partir de la intempestiva e incomprensible decisi\u00f3n de IOMA de cortar su convenio con los m\u00e9dicos, en 21 partidos del \u00e1mbito provincial\u201d.<\/p>\n<p><strong>En el encuentro se propusieron tambi\u00e9n diversas medidas de acci\u00f3n directa, entre ellas un cese de actividades por treinta d\u00edas a IOMA, y la posibilidad de que Femeba denuncie el convenio en toda la provincia.<\/strong><\/p>\n<p>\u201cLa alta participaci\u00f3n de dirigentes, y las opiniones vertidas durante el encuentro, reflejan la unidad existente entre los m\u00e9dicos, lo que se ve corroborado por el hecho de que tras casi dos meses de conflicto,\u00a0<strong>solo 3 de los 120 partidos del \u00e1mbito geogr\u00e1fico de Femeba aceptaron hacer convenio directo con IOMA\u201d<\/strong>, reza el comunicado.<\/p>\n<p>En cuanto a la reuni\u00f3n con legisladores, por Femeba participaron el presidente, Guillermo Cobi\u00e1n; el vicepresidente, Sandro Scafati; el secretario de Gobierno, Alberto Cuyeu; el secretario de Prensa, Norberto Melli, y dem\u00e1s miembros de la Mesa Ejecutiva de la Federaci\u00f3n. Por la C\u00e1mara de Senadores, participaron en representaci\u00f3n del bloque UCR-Cambio Federal, los legisladores Alejandro Cellillo, Eugenia Gill, Marcelo Daletto, Lorena Mandagar\u00e1n; por el PRO, Marcelo Leguizam\u00f3n; por la Libertad Avanza, Carlos Curestis y Daniela Reich.<\/p>\n<p class=\"wp-block-heading\"><strong>El conflicto IOMA-Femeba<\/strong><\/p>\n<p>Tal como viene informando agencia DIB,\u00a0<strong>todo comenz\u00f3 a finales de agosto cuando IOMA decidi\u00f3 poner fin a su relaci\u00f3n con la Federaci\u00f3n en once ciudades como respuesta a una serie de irregularidades detectadas en la prestaci\u00f3n de servicios m\u00e9dicos a aproximadamente 80 mil afiliados.<\/strong><\/p>\n<p>IOMA detect\u00f3 el cobro indebido de prestaciones, la escasez de profesionales y las demoras excesivas en la obtenci\u00f3n de turnos en Jun\u00edn, Alberti, Bragado, Chacabuco, Florentino Ameghino, General Arenales, General Pinto, General Viamonte, Leandro N. Alem, Col\u00f3n y Rojas. Y eso llev\u00f3 a romper con Femeba en esos distritos pero lanzar una advertencia en otros(VW\/DIB).<\/p>\n","protected":false},"excerpt":{"rendered":"<p>La Federaci\u00f3n M\u00e9dica de Buenos Aires junto con entidades del sector salud se reunieron con senadores provinciales para analizar la situaci\u00f3n.<\/p>\n","protected":false},"author":3,"featured_media":11801,"comment_status":"closed","ping_status":"closed","sticky":false,"template":"","format":"standard","meta":{"_monsterinsights_skip_tracking":false,"_monsterinsights_sitenote_active":false,"_monsterinsights_sitenote_note":"","_monsterinsights_sitenote_category":0,"footnotes":""},"categories":[8,5],"tags":[4605,127,6876],"class_list":["post-16214","post","type-post","status-publish","format-standard","has-post-thumbnail","hentry","category-interes-general","category-sociedad","tag-femeba","tag-ioma","tag-prestaciones"],"_links":{"self":[{"href":"https:\/\/www.visionweb.com.ar\/index.php?rest_route=\/wp\/v2\/posts\/16214","targetHints":{"allow":["GET"]}}],"collection":[{"href":"https:\/\/www.visionweb.com.ar\/index.php?rest_route=\/wp\/v2\/posts"}],"about":[{"href":"https:\/\/www.visionweb.com.ar\/index.php?rest_route=\/wp\/v2\/types\/post"}],"author":[{"embeddable":true,"href":"https:\/\/www.visionweb.com.ar\/index.php?rest_route=\/wp\/v2\/users\/3"}],"replies":[{"embeddable":true,"href":"https:\/\/www.visionweb.com.ar\/index.php?rest_route=%2Fwp%2Fv2%2Fcomments&post=16214"}],"version-history":[{"count":1,"href":"https:\/\/www.visionweb.com.ar\/index.php?rest_route=\/wp\/v2\/posts\/16214\/revisions"}],"predecessor-version":[{"id":16215,"href":"https:\/\/www.visionweb.com.ar\/index.php?rest_route=\/wp\/v2\/posts\/16214\/revisions\/16215"}],"wp:featuredmedia":[{"embeddable":true,"href":"https:\/\/www.visionweb.com.ar\/index.php?rest_route=\/wp\/v2\/media\/11801"}],"wp:attachment":[{"href":"https:\/\/www.visionweb.com.ar\/index.php?rest_route=%2Fwp%2Fv2%2Fmedia&parent=16214"}],"wp:term":[{"taxonomy":"category","embeddable":true,"href":"https:\/\/www.visionweb.com.ar\/index.php?rest_route=%2Fwp%2Fv2%2Fcategories&post=16214"},{"taxonomy":"post_tag","embeddable":true,"href":"https:\/\/www.visionweb.com.ar\/index.php?rest_route=%2Fwp%2Fv2%2Ftags&post=16214"}],"curies":[{"name":"wp","href":"https:\/\/api.w.org\/{rel}","templated":true}]}}