{"id":16210,"date":"2024-10-24T10:57:14","date_gmt":"2024-10-24T13:57:14","guid":{"rendered":"https:\/\/www.visionweb.com.ar\/?p=16210"},"modified":"2024-10-24T10:57:14","modified_gmt":"2024-10-24T13:57:14","slug":"luego-de-una-cumbre-sindical-los-gremios-de-estatales-se-declararon-en-alerta-y-anuncian-paros","status":"publish","type":"post","link":"https:\/\/www.visionweb.com.ar\/?p=16210","title":{"rendered":"Luego de una cumbre sindical, los gremios de estatales se declararon en alerta y anuncian paros"},"content":{"rendered":"<p><em><strong>Fueron doce gremios del Estado nacional que se declararon en alerta y movilizaci\u00f3n.\u00a0<\/strong><\/em><!--more--><\/p>\n<p><strong> <img loading=\"lazy\" decoding=\"async\" class=\"size-full wp-image-10964 alignright\" src=\"https:\/\/www.visionweb.com.ar\/wp-content\/uploads\/2023\/06\/dip.-upcn.png\" alt=\"\" width=\"272\" height=\"149\" \/>\u00a0\u00a0 E<\/strong>l Frente de Gremios Estatales se reuni\u00f3 ayer en la sede de la Uni\u00f3n de Personal Civil de la Naci\u00f3n (<strong>UPCN<\/strong>), en cuyo c\u00f3nclave,\u00a0<strong>la dirigencia gremial declar\u00f3 el \u00abestado de alerta y movilizaci\u00f3n\u00bb por las \u00absistem\u00e1ticas agresiones\u00bb<\/strong>\u00a0contra el sector p\u00fablico de parte de la administraci\u00f3n libertaria.<\/p>\n<p>Se trata de unos 12 sindicatos que abarcan distintas dependencias de la administraci\u00f3n p\u00fablica como la <strong>AFIP<\/strong> o el\u00a0<strong>Poder Judicial<\/strong>.<\/p>\n<p>Seg\u00fan se inform\u00f3 en un comunicado,\u00a0<strong>la idea es \u00abgenerar acciones<\/strong>\u00a0como consecuencia de la profundizaci\u00f3n de un escenario pol\u00edtico, econ\u00f3mico y social que agrede sistem\u00e1ticamente la existencia del Estado\u00bb.<\/p>\n<p>En este marco,\u00a0<strong>la Uni\u00f3n de Empleados de la Justicia de la Naci\u00f3n (UEJN) ya anunci\u00f3 un paro de actividades para ma\u00f1ana<\/strong>.<\/p>\n<p>Asimismo, instaron \u00aba las dem\u00e1s organizaciones sindicales hermanas, a los movimientos sociales y a la dirigencia pol\u00edtica\u00bb a sumarse.<\/p>\n<p><strong>ATE va por un paro de 36 horas<\/strong><\/p>\n<p>As\u00ed, la Asociaci\u00f3n de Trabajadores del Estado (<strong>ATE<\/strong>) tiene previsto realizar<strong> un paro de 36 horas<\/strong> en toda la administraci\u00f3n p\u00fablica nacional y coincidir\u00e1 con la protesta de los gremios vinculados al transporte de carga y de pasajeros. <strong>(VW)<\/strong><\/p>\n<p>&nbsp;<\/p>\n","protected":false},"excerpt":{"rendered":"<p>Fueron doce gremios del Estado nacional que se declararon en alerta y movilizaci\u00f3n.\u00a0<\/p>\n","protected":false},"author":4,"featured_media":10964,"comment_status":"closed","ping_status":"closed","sticky":false,"template":"","format":"standard","meta":{"_monsterinsights_skip_tracking":false,"_monsterinsights_sitenote_active":false,"_monsterinsights_sitenote_note":"","_monsterinsights_sitenote_category":0,"footnotes":""},"categories":[4],"tags":[6875,2719,1907,57,3054],"class_list":["post-16210","post","type-post","status-publish","format-standard","has-post-thumbnail","hentry","category-politica","tag-alerta-y-paro","tag-ate","tag-estatales","tag-gremios","tag-upcn"],"_links":{"self":[{"href":"https:\/\/www.visionweb.com.ar\/index.php?rest_route=\/wp\/v2\/posts\/16210","targetHints":{"allow":["GET"]}}],"collection":[{"href":"https:\/\/www.visionweb.com.ar\/index.php?rest_route=\/wp\/v2\/posts"}],"about":[{"href":"https:\/\/www.visionweb.com.ar\/index.php?rest_route=\/wp\/v2\/types\/post"}],"author":[{"embeddable":true,"href":"https:\/\/www.visionweb.com.ar\/index.php?rest_route=\/wp\/v2\/users\/4"}],"replies":[{"embeddable":true,"href":"https:\/\/www.visionweb.com.ar\/index.php?rest_route=%2Fwp%2Fv2%2Fcomments&post=16210"}],"version-history":[{"count":1,"href":"https:\/\/www.visionweb.com.ar\/index.php?rest_route=\/wp\/v2\/posts\/16210\/revisions"}],"predecessor-version":[{"id":16211,"href":"https:\/\/www.visionweb.com.ar\/index.php?rest_route=\/wp\/v2\/posts\/16210\/revisions\/16211"}],"wp:featuredmedia":[{"embeddable":true,"href":"https:\/\/www.visionweb.com.ar\/index.php?rest_route=\/wp\/v2\/media\/10964"}],"wp:attachment":[{"href":"https:\/\/www.visionweb.com.ar\/index.php?rest_route=%2Fwp%2Fv2%2Fmedia&parent=16210"}],"wp:term":[{"taxonomy":"category","embeddable":true,"href":"https:\/\/www.visionweb.com.ar\/index.php?rest_route=%2Fwp%2Fv2%2Fcategories&post=16210"},{"taxonomy":"post_tag","embeddable":true,"href":"https:\/\/www.visionweb.com.ar\/index.php?rest_route=%2Fwp%2Fv2%2Ftags&post=16210"}],"curies":[{"name":"wp","href":"https:\/\/api.w.org\/{rel}","templated":true}]}}