{"id":16203,"date":"2024-10-24T09:52:31","date_gmt":"2024-10-24T12:52:31","guid":{"rendered":"https:\/\/www.visionweb.com.ar\/?p=16203"},"modified":"2024-10-24T09:54:07","modified_gmt":"2024-10-24T12:54:07","slug":"se-rompio-el-bloque-de-la-ucr-se-formara-una-nueva-bancada-en-el-congreso","status":"publish","type":"post","link":"https:\/\/www.visionweb.com.ar\/?p=16203","title":{"rendered":"Se rompi\u00f3 el bloque de la UCR, se formar\u00e1 una nueva bancada en el Congreso"},"content":{"rendered":"<p><em><strong>El quiebre en la UCR se formaliz\u00f3 luego de la reuni\u00f3n de algunos diputados con el oficialismo. Manes-Lousteau por un lado, Rodrigo de Loredo por el otro.<\/strong><\/em><!--more--><\/p>\n<p><img loading=\"lazy\" decoding=\"async\" class=\"size-medium wp-image-9510 alignright\" src=\"https:\/\/www.visionweb.com.ar\/wp-content\/uploads\/2023\/02\/BERHONGARAY-LUSTEAU-300x215.png\" alt=\"\" width=\"300\" height=\"215\" srcset=\"https:\/\/www.visionweb.com.ar\/wp-content\/uploads\/2023\/02\/BERHONGARAY-LUSTEAU-300x215.png 300w, https:\/\/www.visionweb.com.ar\/wp-content\/uploads\/2023\/02\/BERHONGARAY-LUSTEAU.png 680w\" sizes=\"auto, (max-width: 300px) 100vw, 300px\" \/>Doce diputados aliados a Facundo Manes y Mart\u00edn Lousteau decidieron abandonar el bloque UCR para armar un espacio propio. Se trata de un golpe para el cordob\u00e9s Rodrigo de Loredo, jefe del radicalismo en la C\u00e1mara baja, quien quedar\u00e1 con una tropa de 21 legisladores.<\/p>\n<p>Si bien no se formaliz\u00f3 el proceso a trav\u00e9s de la nota de rigor, donde deber\u00e1 constar el nombre y la persona que conducir\u00e1 la nueva bancada, la ruptura ya es un hecho.<\/p>\n<p>Esta definici\u00f3n se materializ\u00f3 tras la difusi\u00f3n de una nueva foto de seis radicales en la Casa Rosada junto a figuras del oficialismo, como el asesor presidencial, Santiago Caputo.<\/p>\n<p>Los legisladores que se suman a la nueva bancada son: Manuel Aguirre (Corrientes), Marcela Antola (Entre R\u00edos), Fernando Carbajal (Formosa), Carla Carrizo (CABA), Mariela Coletta (CABA), Marcela Coli (La Pampa), Melina Giogio (Santa Fe), Pablo Juliano (PBA), Facundo Manes (PBA), Juan Carlos Polini (Chaco), Jorge Rizzotti (Jujuy) y Danya Tavela (PBA).<\/p>\n<p>Fernando Carbajal, uno de los principales impulsores de la ruptura, public\u00f3 en sus redes sociales: \u201cTodos con la peluca puesta. Sobreactuando oficialismo. La oposici\u00f3n responsable daremos el debate del Presupuesto Nacional en la C\u00e1mara para defender la Universidad, las Provincias y municipios y a los jubilados\u201d.<\/p>\n<div id=\"attachment_5070\" style=\"width: 310px\" class=\"wp-caption alignleft\"><img loading=\"lazy\" decoding=\"async\" aria-describedby=\"caption-attachment-5070\" class=\"wp-image-5070 size-medium\" src=\"https:\/\/www.visionweb.com.ar\/wp-content\/uploads\/2022\/04\/Facundo-Manes-y-Diego-Santilli-300x217.png\" alt=\"\" width=\"300\" height=\"217\" srcset=\"https:\/\/www.visionweb.com.ar\/wp-content\/uploads\/2022\/04\/Facundo-Manes-y-Diego-Santilli-300x217.png 300w, https:\/\/www.visionweb.com.ar\/wp-content\/uploads\/2022\/04\/Facundo-Manes-y-Diego-Santilli.png 575w\" sizes=\"auto, (max-width: 300px) 100vw, 300px\" \/><p id=\"caption-attachment-5070\" class=\"wp-caption-text\"><em><strong>El Dr, Facundo Manes en tiempos de alianza con Diego Santilli (Archivo) <\/strong><\/em><\/p><\/div>\n<p>Carbajal dijo este jueves que esperan sumar m\u00e1s legisladores a esta nueva bancada que tendr\u00e1 12 miembros y estar\u00e1 comandada por Pablo Juliano. En eso, el formose\u00f1o fustig\u00f3 a Rodrigo de Loredo, que todav\u00eda est\u00e1 al frente del espacio que dejaron, y dijo que ya se transform\u00f3 en un personaje \u201cde segunda l\u00ednea\u201d por su acercamiento con la Casa Rosada.<\/p>\n<p>\u201cLa actitud de ayer del presidente De Loredo de sobreactuar este gesto de sumisi\u00f3n hacia el Poder Ejecutivo, yendo a esta reuni\u00f3n de ayer, sac\u00e1ndose esta foto con Santiago Caputo, fue un gesto muy claro de alineamiento con el oficialismo, que tornaba imposible seguir permaneciendo ah\u00ed\u201d, dijo Carbajal.<\/p>\n<p>\u201cYo creo que De Loredo pas\u00f3 a ser un personaje de segunda l\u00ednea porque la l\u00ednea pol\u00edtica de ese grupo la est\u00e1 marcando el tucumano Mariano Campero y De Loredo est\u00e1 haciendo seguidismo de Campero. Es bastante pat\u00e9tico para \u00e9l, que ten\u00eda aspiraciones de ser un dirigente nacional. La verdad es que termin\u00f3 siendo arrastrado por Campero a esa reuni\u00f3n\u201d, dijo Carbajal. Campero es el diputado que coordina al grupo de cinco radicales que tienen alta sinton\u00eda con funcionarios libertarios y que el espacio que responde a la conducci\u00f3n Manes-Lousteau hab\u00eda pedido expulsar.<\/p>\n<p>\u201cNosotros no esper\u00e1bamos nada porque estaba claro que De Loredo hab\u00eda perdido su rol de conductor del bloque, ya hace tiempo que en los hechos tampoco lo ven\u00eda ejerciendo, no participaba en las reuniones de comisi\u00f3n, no hab\u00eda una postura clara del radicalismo, sino una jugada personal de ver c\u00f3mo se preservaba\u201d, a\u00f1adi\u00f3 Carbajal en Radio 10. En tanto, les mand\u00f3 un mensaje a los diputados que quedan en el bloque original (que ahora tendr\u00e1 21 miembros) para que se anexen al de 12 que conformaron ellos. \u201cYo prefiero creer que la UCR somos nosotros. En el otro bloque hay algunos radicales todav\u00eda que van a tener que reflexionar. Las puertas est\u00e1n abiertas para que se sumen a este bloque\u201d, plante\u00f3 Carbaja <strong>(VW)<\/strong><\/p>\n<p><strong>Fuente: Agencia DIB<\/strong><\/p>\n","protected":false},"excerpt":{"rendered":"<p>El quiebre en la UCR se formaliz\u00f3 luego de la reuni\u00f3n de algunos diputados con el oficialismo. Manes-Lousteau por un lado, Rodrigo de Loredo por el otro.<\/p>\n","protected":false},"author":3,"featured_media":9510,"comment_status":"closed","ping_status":"closed","sticky":false,"template":"","format":"standard","meta":{"_monsterinsights_skip_tracking":false,"_monsterinsights_sitenote_active":false,"_monsterinsights_sitenote_note":"","_monsterinsights_sitenote_category":0,"footnotes":""},"categories":[4],"tags":[6871,485,551],"class_list":["post-16203","post","type-post","status-publish","format-standard","has-post-thumbnail","hentry","category-politica","tag-bancada","tag-congreso","tag-ucr"],"_links":{"self":[{"href":"https:\/\/www.visionweb.com.ar\/index.php?rest_route=\/wp\/v2\/posts\/16203","targetHints":{"allow":["GET"]}}],"collection":[{"href":"https:\/\/www.visionweb.com.ar\/index.php?rest_route=\/wp\/v2\/posts"}],"about":[{"href":"https:\/\/www.visionweb.com.ar\/index.php?rest_route=\/wp\/v2\/types\/post"}],"author":[{"embeddable":true,"href":"https:\/\/www.visionweb.com.ar\/index.php?rest_route=\/wp\/v2\/users\/3"}],"replies":[{"embeddable":true,"href":"https:\/\/www.visionweb.com.ar\/index.php?rest_route=%2Fwp%2Fv2%2Fcomments&post=16203"}],"version-history":[{"count":1,"href":"https:\/\/www.visionweb.com.ar\/index.php?rest_route=\/wp\/v2\/posts\/16203\/revisions"}],"predecessor-version":[{"id":16204,"href":"https:\/\/www.visionweb.com.ar\/index.php?rest_route=\/wp\/v2\/posts\/16203\/revisions\/16204"}],"wp:featuredmedia":[{"embeddable":true,"href":"https:\/\/www.visionweb.com.ar\/index.php?rest_route=\/wp\/v2\/media\/9510"}],"wp:attachment":[{"href":"https:\/\/www.visionweb.com.ar\/index.php?rest_route=%2Fwp%2Fv2%2Fmedia&parent=16203"}],"wp:term":[{"taxonomy":"category","embeddable":true,"href":"https:\/\/www.visionweb.com.ar\/index.php?rest_route=%2Fwp%2Fv2%2Fcategories&post=16203"},{"taxonomy":"post_tag","embeddable":true,"href":"https:\/\/www.visionweb.com.ar\/index.php?rest_route=%2Fwp%2Fv2%2Ftags&post=16203"}],"curies":[{"name":"wp","href":"https:\/\/api.w.org\/{rel}","templated":true}]}}