{"id":16200,"date":"2024-10-24T09:44:02","date_gmt":"2024-10-24T12:44:02","guid":{"rendered":"https:\/\/www.visionweb.com.ar\/?p=16200"},"modified":"2024-10-24T09:44:02","modified_gmt":"2024-10-24T12:44:02","slug":"en-glew-se-puso-en-marcha-el-entubamiento-del-arroyo-san-roque","status":"publish","type":"post","link":"https:\/\/www.visionweb.com.ar\/?p=16200","title":{"rendered":"En Glew se puso en marcha el entubamiento del arroyo San Roque"},"content":{"rendered":"<p><em><strong>La obra atiende un reclamo de vecinos que lleva varios a\u00f1os, Una vez finalizada la obra hidrica se estima que se terminar\u00e1n alos problemas de inundaciones en varios barrios de la regi\u00f3n.<\/strong><\/em> <!--more--><\/p>\n<p style=\"font-weight: 400;\"><img loading=\"lazy\" decoding=\"async\" class=\"size-medium wp-image-16201 alignright\" src=\"https:\/\/www.visionweb.com.ar\/wp-content\/uploads\/2024\/10\/ARROYO-300x183.png\" alt=\"\" width=\"300\" height=\"183\" srcset=\"https:\/\/www.visionweb.com.ar\/wp-content\/uploads\/2024\/10\/ARROYO-300x183.png 300w, https:\/\/www.visionweb.com.ar\/wp-content\/uploads\/2024\/10\/ARROYO.png 640w\" sizes=\"auto, (max-width: 300px) 100vw, 300px\" \/>En una tarea articulada entre el Gobierno Provincial y la Comuna browniana se puso en marcha\u00a0 la obra del arroyo San Roque, muy esperada por todos los vecinos y vecinas de la zona que durante a\u00f1os buscaron una soluci\u00f3n a la falta de escurrimiento pluvial, lo que provoca el estancamiento del agua de las precipitaciones en la v\u00eda p\u00fablica y las inundaciones.<\/p>\n<p style=\"font-weight: 400;\">Los trabajos comenzaron con la excavaci\u00f3n del suelo en la calle Del Carril y su intersecci\u00f3n con San Roque, lugar donde se hicieron presentes numerosas vecinas y vecinos que celebraron la concreci\u00f3n de un proyecto que traer\u00e1 soluciones y mejorar\u00e1 la calidad de vida de la comunidad<\/p>\n<p style=\"font-weight: 400;\">El intendente de Almirante Brown, Mariano Cascallares, junto al ministro de Infraestructura y Servicios P\u00fablicos bonaerense, Gabriel Katopodis, pusieron en marcha la obra hidr\u00e1ulica en la localidad de Glew que beneficiar\u00e1 a m\u00e1s de 5 mil vecinos de los barrios Parque Roma, Gorriti y UOCRA.<\/p>\n<p style=\"font-weight: 400;\">\u201cEstamos felices de estar Glew, con el ministro Gabriel Katopodis, dando inicio a una obra que es hist\u00f3rica para la localidad particularmente para los barrios Gorriti, Parque Roma y UOCRA\u201d, se\u00f1al\u00f3 Cascallares destacando la decisi\u00f3n del gobernador Axel Kicillof de seguir avanzando con m\u00e1s obras p\u00fablicas.<\/p>\n<p style=\"font-weight: 400;\">Asimismo, el intendente agradeci\u00f3 la tarea conjunta con el Estado provincial y la enorme inversi\u00f3n en obras de saneamiento.<\/p>\n<h3 style=\"text-align: center;\"><span style=\"color: #0000ff;\"><em><strong>El sistema completo drena una superficie total de 154 hect\u00e1reas.<\/strong><\/em><\/span><\/h3>\n<p style=\"font-weight: 400;\">Cabe se\u00f1alar que se construir\u00e1 una red de drenaje en una zona urbanizada de Almirante Brown y en parte del partido de Pte. Per\u00f3n que incluye un sistema de conductos enterrados, de secciones circulares y rectangulares de una sola celda, que se conectan a la superficie a trav\u00e9s de sumideros, adem\u00e1s de un trayecto a superficie libre.<\/p>\n<h4><strong>La obra<\/strong><\/h4>\n<p style=\"font-weight: 400;\">La red permitir\u00e1 evacuar los excedentes pluviales y guiarlos hasta el cuerpo receptor final, un arroyo\u00a0que desemboca en la laguna La Bellaca.<\/p>\n<p style=\"font-weight: 400;\">El sistema completo drena una superficie total de 154 hect\u00e1reas. Se prev\u00e9 la instalaci\u00f3n soterrada de ca\u00f1er\u00edas de hormig\u00f3n con un di\u00e1metro de 1.20 metros en su mayor recorrido. Incluye 6800 metros de conductos.<\/p>\n<p style=\"font-weight: 400;\">La obra tendr\u00e1 un conductor principal con una longitud de 4153m, y otros nueve ramales. Adem\u00e1s, 33 sumideros para calles pavimentadas y 148 para las de tierra. La obra tambi\u00e9n contar\u00e1 con 111 c\u00e1maras de inspecci\u00f3n y obras accesorias.<\/p>\n<p style=\"font-weight: 400;\">Participaron de la jornada el subsecretario de Recursos H\u00eddricos del Ministerio de Infraestructura provincial, N\u00e9stor \u00c1lvarez; el secretario de Infraestructura, Planificaci\u00f3n y Servicios P\u00fablicos del Municipio, Fernando Lorenzo; la subsecretaria de Infraestructura, Gabriela Fern\u00e1ndez; el subsecretario de Desarrollo y Planificaci\u00f3n Urbana Territorial, Pablo Scibilia, y el delegado de Glew, Guillermo Antoniani<strong>(VW)<\/strong>.<\/p>\n<p>&nbsp;<\/p>\n","protected":false},"excerpt":{"rendered":"<p>La obra atiende un reclamo de vecinos que lleva varios a\u00f1os, Una vez finalizada la obra hidrica se estima que se terminar\u00e1n alos problemas de inundaciones en varios barrios de la regi\u00f3n.<\/p>\n","protected":false},"author":3,"featured_media":16201,"comment_status":"closed","ping_status":"closed","sticky":false,"template":"","format":"standard","meta":{"_monsterinsights_skip_tracking":false,"_monsterinsights_sitenote_active":false,"_monsterinsights_sitenote_note":"","_monsterinsights_sitenote_category":0,"footnotes":""},"categories":[8],"tags":[260,1305,3022,5523],"class_list":["post-16200","post","type-post","status-publish","format-standard","has-post-thumbnail","hentry","category-interes-general","tag-arroyo","tag-brown","tag-hidraulica","tag-obra"],"_links":{"self":[{"href":"https:\/\/www.visionweb.com.ar\/index.php?rest_route=\/wp\/v2\/posts\/16200","targetHints":{"allow":["GET"]}}],"collection":[{"href":"https:\/\/www.visionweb.com.ar\/index.php?rest_route=\/wp\/v2\/posts"}],"about":[{"href":"https:\/\/www.visionweb.com.ar\/index.php?rest_route=\/wp\/v2\/types\/post"}],"author":[{"embeddable":true,"href":"https:\/\/www.visionweb.com.ar\/index.php?rest_route=\/wp\/v2\/users\/3"}],"replies":[{"embeddable":true,"href":"https:\/\/www.visionweb.com.ar\/index.php?rest_route=%2Fwp%2Fv2%2Fcomments&post=16200"}],"version-history":[{"count":1,"href":"https:\/\/www.visionweb.com.ar\/index.php?rest_route=\/wp\/v2\/posts\/16200\/revisions"}],"predecessor-version":[{"id":16202,"href":"https:\/\/www.visionweb.com.ar\/index.php?rest_route=\/wp\/v2\/posts\/16200\/revisions\/16202"}],"wp:featuredmedia":[{"embeddable":true,"href":"https:\/\/www.visionweb.com.ar\/index.php?rest_route=\/wp\/v2\/media\/16201"}],"wp:attachment":[{"href":"https:\/\/www.visionweb.com.ar\/index.php?rest_route=%2Fwp%2Fv2%2Fmedia&parent=16200"}],"wp:term":[{"taxonomy":"category","embeddable":true,"href":"https:\/\/www.visionweb.com.ar\/index.php?rest_route=%2Fwp%2Fv2%2Fcategories&post=16200"},{"taxonomy":"post_tag","embeddable":true,"href":"https:\/\/www.visionweb.com.ar\/index.php?rest_route=%2Fwp%2Fv2%2Ftags&post=16200"}],"curies":[{"name":"wp","href":"https:\/\/api.w.org\/{rel}","templated":true}]}}