{"id":16198,"date":"2024-10-24T09:08:40","date_gmt":"2024-10-24T12:08:40","guid":{"rendered":"https:\/\/www.visionweb.com.ar\/?p=16198"},"modified":"2024-10-24T09:08:40","modified_gmt":"2024-10-24T12:08:40","slug":"segun-la-uia-la-industria-se-derrumbo-mas-del-12","status":"publish","type":"post","link":"https:\/\/www.visionweb.com.ar\/?p=16198","title":{"rendered":"Seg\u00fan la UIA la industria se derrumb\u00f3 m\u00e1s del 12%"},"content":{"rendered":"<p><em><strong>La medici\u00f3n corresponde a los primeros ocho meses del a\u00f1o. En la comparaci\u00f3n interanual la ca\u00edda representa el 7,4%. El sector lleva 15 meses en retroceso.<\/strong><\/em>\u00a0 <!--more--><\/p>\n<p><img loading=\"lazy\" decoding=\"async\" class=\"size-medium wp-image-13382 alignright\" src=\"https:\/\/www.visionweb.com.ar\/wp-content\/uploads\/2024\/01\/industrias-300x263.png\" alt=\"\" width=\"300\" height=\"263\" srcset=\"https:\/\/www.visionweb.com.ar\/wp-content\/uploads\/2024\/01\/industrias-300x263.png 300w, https:\/\/www.visionweb.com.ar\/wp-content\/uploads\/2024\/01\/industrias.png 458w\" sizes=\"auto, (max-width: 300px) 100vw, 300px\" \/>Un informe elaborado por la Uni\u00f3n Industrial Argentina (UIA) revela que en agosto la actividad industrial volvi\u00f3 a caer y acumula una baja del 12,1% en lo que va del a\u00f1o.<\/p>\n<p>La merma con respecto a julio fue del 0,9%, mientras que la interanual ascendi\u00f3 al 7,4%. De esta manera, el sector acumula quince meses consecutivos en descenso y contradice los datos dados a conocer por el Indec, que hab\u00edan mostrado una suba desestacionalizada en el sector.<\/p>\n<p>Pese a los n\u00fameros en rojos, los datos pronosticados para septiembre prev\u00e9n una peque\u00f1a mejora en la comparaci\u00f3n intermensual.<\/p>\n<p>\u201cEl sector industrial sigue enfrentando un panorama desafiante, marcado por una competencia desleal frente a la importaci\u00f3n de bienes terminados y la p\u00e9rdida de empleos en el sector\u201d, advierte el informe.<\/p>\n<p><em><strong>El Instituto Nacional de Estad\u00edsticas y Censos hab\u00eda dado a conocer d\u00edas atr\u00e1s que en el mismo mes la actividad baj\u00f3 6,9 % interanual, sin embargo, subi\u00f3 1,5 % respecto a julio.<\/strong><\/em><\/p>\n<p>Por su lado, el sector de la construcci\u00f3n tambi\u00e9n sufri\u00f3 una disminuci\u00f3n del 26,4 % respecto al mismo mes, pero de 2023, y del 2,9 % en comparaci\u00f3n a julio.<\/p>\n<p>En el detalle por sectores, se observaron bajas interanuales inferiores a las del primer semestre en despachos de Cemento (18,3% i.a.), sector Automotor (-12,6% i.a.), y consumo de energ\u00eda el\u00e9ctrica de Grandes Usuarios Industriales (-7,7% i.a.).<\/p>\n<p>Sin embargo, \u201cvolvieron a acelerar la ca\u00edda en los patentamientos de maquinaria agr\u00edcola (-6% i.a.), luego del buen comportamiento registrado en agosto.<\/p>\n<p>Por otro lado, presentaron subas a dos d\u00edgitos las importaciones desde Brasil (+25,3% i.a.), as\u00ed como tambi\u00e9n las exportaciones hacia Brasil (+29,2% i.a.) debido, en gran medida, a las mejoras del sector agroindustrial. Asimismo, aument\u00f3 la liquidaci\u00f3n de divisas (+21,3% i.a.)\u201d, detallan<strong>(Noticias AgroPecuarias)<\/strong>.<\/p>\n","protected":false},"excerpt":{"rendered":"<p>La medici\u00f3n corresponde a los primeros ocho meses del a\u00f1o. En la comparaci\u00f3n interanual la ca\u00edda representa el 7,4%. El sector lleva 15 meses en retroceso.\u00a0<\/p>\n","protected":false},"author":3,"featured_media":13382,"comment_status":"closed","ping_status":"closed","sticky":false,"template":"","format":"standard","meta":{"_monsterinsights_skip_tracking":false,"_monsterinsights_sitenote_active":false,"_monsterinsights_sitenote_note":"","_monsterinsights_sitenote_category":0,"footnotes":""},"categories":[749],"tags":[3551,2942,1774],"class_list":["post-16198","post","type-post","status-publish","format-standard","has-post-thumbnail","hentry","category-pymes","tag-caida","tag-industria","tag-uia"],"_links":{"self":[{"href":"https:\/\/www.visionweb.com.ar\/index.php?rest_route=\/wp\/v2\/posts\/16198","targetHints":{"allow":["GET"]}}],"collection":[{"href":"https:\/\/www.visionweb.com.ar\/index.php?rest_route=\/wp\/v2\/posts"}],"about":[{"href":"https:\/\/www.visionweb.com.ar\/index.php?rest_route=\/wp\/v2\/types\/post"}],"author":[{"embeddable":true,"href":"https:\/\/www.visionweb.com.ar\/index.php?rest_route=\/wp\/v2\/users\/3"}],"replies":[{"embeddable":true,"href":"https:\/\/www.visionweb.com.ar\/index.php?rest_route=%2Fwp%2Fv2%2Fcomments&post=16198"}],"version-history":[{"count":1,"href":"https:\/\/www.visionweb.com.ar\/index.php?rest_route=\/wp\/v2\/posts\/16198\/revisions"}],"predecessor-version":[{"id":16199,"href":"https:\/\/www.visionweb.com.ar\/index.php?rest_route=\/wp\/v2\/posts\/16198\/revisions\/16199"}],"wp:featuredmedia":[{"embeddable":true,"href":"https:\/\/www.visionweb.com.ar\/index.php?rest_route=\/wp\/v2\/media\/13382"}],"wp:attachment":[{"href":"https:\/\/www.visionweb.com.ar\/index.php?rest_route=%2Fwp%2Fv2%2Fmedia&parent=16198"}],"wp:term":[{"taxonomy":"category","embeddable":true,"href":"https:\/\/www.visionweb.com.ar\/index.php?rest_route=%2Fwp%2Fv2%2Fcategories&post=16198"},{"taxonomy":"post_tag","embeddable":true,"href":"https:\/\/www.visionweb.com.ar\/index.php?rest_route=%2Fwp%2Fv2%2Ftags&post=16198"}],"curies":[{"name":"wp","href":"https:\/\/api.w.org\/{rel}","templated":true}]}}