{"id":16191,"date":"2024-10-23T11:13:01","date_gmt":"2024-10-23T14:13:01","guid":{"rendered":"https:\/\/www.visionweb.com.ar\/?p=16191"},"modified":"2024-10-23T11:13:01","modified_gmt":"2024-10-23T14:13:01","slug":"la-corte-suprema-puso-fin-a-su-intervencion-en-la-causa-mendoza","status":"publish","type":"post","link":"https:\/\/www.visionweb.com.ar\/?p=16191","title":{"rendered":"La Corte Suprema puso fin a su intervenci\u00f3n en la causa \u201cMendoza\u201d"},"content":{"rendered":"<p><em><strong>Lo hizo al entender que su rol en este pleito culmin\u00f3 con la aprobaci\u00f3n del Plan Integral de Saneamiento Ambiental (PISA) y la creaci\u00f3n de la Autoridad de Cuenca Matanza Riachuelo (ACUMAR).<\/strong><\/em><!--more--><\/p>\n<p><img loading=\"lazy\" decoding=\"async\" class=\"size-medium wp-image-9811 alignright\" src=\"https:\/\/www.visionweb.com.ar\/wp-content\/uploads\/2023\/03\/Acumar-obras-rivera2-300x199.jpg\" alt=\"\" width=\"300\" height=\"199\" srcset=\"https:\/\/www.visionweb.com.ar\/wp-content\/uploads\/2023\/03\/Acumar-obras-rivera2-300x199.jpg 300w, https:\/\/www.visionweb.com.ar\/wp-content\/uploads\/2023\/03\/Acumar-obras-rivera2.bmp 331w\" sizes=\"auto, (max-width: 300px) 100vw, 300px\" \/>La Corte Suprema de Justicia de la Naci\u00f3n\u00a0<strong>decidi\u00f3 poner fin a su intervenci\u00f3n en la causa \u201cMendoza\u201d<\/strong>, iniciada en el a\u00f1o 2004, respecto a la recomposici\u00f3n ambiental de la\u00a0<strong>cuenca del r\u00edo Matanza-Riachuelo<\/strong>. La decisi\u00f3n cont\u00f3 con la firma de los jueces\u00a0<strong>Rosatti, Maqueda, Rosenkrantz y Lorenzetti<\/strong>.<\/p>\n<p>Para el M\u00e1ximo Tribunal, la\u00a0<strong>aprobaci\u00f3n del Plan Integral de Saneamiento Ambiental (PISA)<\/strong>\u00a0y la\u00a0<strong>creaci\u00f3n de la Autoridad de Cuenca Matanza Riachuelo (ACUMAR)<\/strong>\u00a0son los dos hechos que marcaron la<strong>\u00a0culminaci\u00f3n de la intervenci\u00f3n de la Corte en la causa como supervisora del cumplimiento de la sentencia<\/strong>.<\/p>\n<p>As\u00ed, expres\u00f3 que \u201cLa intervenci\u00f3n de esta Corte ha cumplido su prop\u00f3sito de generar la reforma estructural que resultaba imprescindible para alinear la actividad del Estado con los principios y derechos consagrados en la Constituci\u00f3n\u201d.<\/p>\n<p>En ese sentido, indic\u00f3 que\u00a0<span lang=\"es\">\u201ceste tipo de procesos se consideran culminados desde la perspectiva de la actuaci\u00f3n de este Tribunal, una vez que: (i) se han definido claramente las metas a cumplir; y ii) se ha establecido el \u00f3rgano a cargo de su instrumentaci\u00f3n\u201d.<\/span><\/p>\n<p><span lang=\"es\">Seguidamente, los jueces expresaron que \u201clos objetivos institucionales propuestos por la sentencia de esta Corte se encuentran cumplidos con la aprobaci\u00f3n del PISA \u2014que fija los objetivos a llevar a cabo para lograr la recomposici\u00f3n del bien colectivo\u2014 y con la creaci\u00f3n de la ACUMAR a cargo de su cumplimiento\u201d.<\/span><\/p>\n<p><span lang=\"es\">\u201c<strong>Una vez que el plan se encuentra en funcionamiento, es ACUMAR la que est\u00e1 en condiciones de ejecutar la pol\u00edtica p\u00fablica que desarrolla el mandato constitucional de garantizar un ambiente sano, equilibrado y apto para el desarrollo humano\u201d<\/strong>, manifestaron.<\/span><\/p>\n<p><img loading=\"lazy\" decoding=\"async\" class=\"size-medium wp-image-9298 alignleft\" src=\"https:\/\/www.visionweb.com.ar\/wp-content\/uploads\/2023\/01\/Acumar-limpieza-arroyos-criticos-300x200.jpg\" alt=\"\" width=\"300\" height=\"200\" srcset=\"https:\/\/www.visionweb.com.ar\/wp-content\/uploads\/2023\/01\/Acumar-limpieza-arroyos-criticos-300x200.jpg 300w, https:\/\/www.visionweb.com.ar\/wp-content\/uploads\/2023\/01\/Acumar-limpieza-arroyos-criticos.bmp 396w\" sizes=\"auto, (max-width: 300px) 100vw, 300px\" \/>La sentencia aclara que las causas, actualmente radicadas ante los jueces de ejecuci\u00f3n como consecuencia de las competencias atribuidas por la Corte en las sentencias dictadas<a href=\"https:\/\/sjconsulta.csjn.gov.ar\/sjconsulta\/documentos\/verDocumentoByIdLinksJSP.html?idDocumento=6476391&amp;cache=1729632780874\">\u00a0en el a\u00f1o 2008<\/a>\u00a0y en el a\u00f1o 2012, vinculadas con la ejecuci\u00f3n del plan, continuar\u00e1n su tr\u00e1mite<strong>\u00a0\u00abante el juzgado que corresponda en raz\u00f3n del territorio y de la materia con aplicaci\u00f3n de las normas procesales ordinarias pertinentes\u00bb<\/strong>.<\/p>\n<p>Asimismo, dispone que para tal fin \u00abdeber\u00e1n ser remitidas a estos \u00faltimos en el plazo de quince d\u00edas\u00bb y deja sin efecto lo dispuesto en el considerando 21 de la sentencia dictada en el 2008, previamente mencionada.<\/p>\n<p><strong>El origen<\/strong><\/p>\n<p>El caso se remonta al a\u00f1o 2004 en que un grupo de vecinos que trabajaba y habitaba en Villa Inflamable (partido de Avellaneda) present\u00f3 una demanda contra el Estado Nacional, la Provincia, la Ciudad Aut\u00f3noma de Buenos Aires y 44 empresas, reclamando la recomposici\u00f3n del ambiente, la creaci\u00f3n de un fondo para financiar el saneamiento de la cuenca y un resarcimiento econ\u00f3mico por da\u00f1os y perjuicios.<\/p>\n<p>Con posterioridad, la demanda se ampli\u00f3 a los 14 municipios bonaerense por donde se encuentra la Cuenca Matanza-Riachuelo y as\u00ed se dio inicio a la causa \u201cMendoza, Beatriz Silvia y otros c\/ Estado Nacional y otros s\/da\u00f1os y perjuicios (da\u00f1os derivados de la contaminaci\u00f3n ambiental del R\u00edo Matanza \u2013 Riachuelo)\u201d.<\/p>\n<p>La Corte Suprema asumi\u00f3 la competencia en lo relativo a la contaminaci\u00f3n ambiental ya que se trataba \u201cde recursos ambientales interjurisdiccionales\u201d y en la causa resultaban ser partes el Estado Nacional, la Ciudad Aut\u00f3noma y la Provincia de Buenos Aires, pero rechaz\u00f3 su competencia originaria para los reclamos resarcitorios por lesiones a bienes individuales de las personas afectadas<strong>(VW)<\/strong>.<\/p>\n<p><strong>Con datos publicado por el portal especializado \u00abPalabra del derecho\u00bb<\/strong><\/p>\n","protected":false},"excerpt":{"rendered":"<p>Lo hizo al entender que su rol en este pleito culmin\u00f3 con la aprobaci\u00f3n del Plan Integral de Saneamiento Ambiental (PISA) y la creaci\u00f3n de la Autoridad de Cuenca Matanza Riachuelo (ACUMAR).<\/p>\n","protected":false},"author":3,"featured_media":9811,"comment_status":"closed","ping_status":"closed","sticky":false,"template":"","format":"standard","meta":{"_monsterinsights_skip_tracking":false,"_monsterinsights_sitenote_active":false,"_monsterinsights_sitenote_note":"","_monsterinsights_sitenote_category":0,"footnotes":""},"categories":[8,5],"tags":[191,695,1842,190,189],"class_list":["post-16191","post","type-post","status-publish","format-standard","has-post-thumbnail","hentry","category-interes-general","category-sociedad","tag-cuenca","tag-justicia-federal","tag-matanza","tag-riachuelo","tag-saneamiento"],"_links":{"self":[{"href":"https:\/\/www.visionweb.com.ar\/index.php?rest_route=\/wp\/v2\/posts\/16191","targetHints":{"allow":["GET"]}}],"collection":[{"href":"https:\/\/www.visionweb.com.ar\/index.php?rest_route=\/wp\/v2\/posts"}],"about":[{"href":"https:\/\/www.visionweb.com.ar\/index.php?rest_route=\/wp\/v2\/types\/post"}],"author":[{"embeddable":true,"href":"https:\/\/www.visionweb.com.ar\/index.php?rest_route=\/wp\/v2\/users\/3"}],"replies":[{"embeddable":true,"href":"https:\/\/www.visionweb.com.ar\/index.php?rest_route=%2Fwp%2Fv2%2Fcomments&post=16191"}],"version-history":[{"count":1,"href":"https:\/\/www.visionweb.com.ar\/index.php?rest_route=\/wp\/v2\/posts\/16191\/revisions"}],"predecessor-version":[{"id":16192,"href":"https:\/\/www.visionweb.com.ar\/index.php?rest_route=\/wp\/v2\/posts\/16191\/revisions\/16192"}],"wp:featuredmedia":[{"embeddable":true,"href":"https:\/\/www.visionweb.com.ar\/index.php?rest_route=\/wp\/v2\/media\/9811"}],"wp:attachment":[{"href":"https:\/\/www.visionweb.com.ar\/index.php?rest_route=%2Fwp%2Fv2%2Fmedia&parent=16191"}],"wp:term":[{"taxonomy":"category","embeddable":true,"href":"https:\/\/www.visionweb.com.ar\/index.php?rest_route=%2Fwp%2Fv2%2Fcategories&post=16191"},{"taxonomy":"post_tag","embeddable":true,"href":"https:\/\/www.visionweb.com.ar\/index.php?rest_route=%2Fwp%2Fv2%2Ftags&post=16191"}],"curies":[{"name":"wp","href":"https:\/\/api.w.org\/{rel}","templated":true}]}}