{"id":16175,"date":"2024-10-22T09:17:27","date_gmt":"2024-10-22T12:17:27","guid":{"rendered":"https:\/\/www.visionweb.com.ar\/?p=16175"},"modified":"2024-10-22T09:17:27","modified_gmt":"2024-10-22T12:17:27","slug":"avanza-la-renovacion-de-la-rambla-de-mar-del-plata","status":"publish","type":"post","link":"https:\/\/www.visionweb.com.ar\/?p=16175","title":{"rendered":"Avanza la renovaci\u00f3n de la Rambla de Mar del Plata"},"content":{"rendered":"<p><em><strong>Los trabajos est\u00e1n a cargo del Ministerio de Infraestructura de la Provincia de Buenos Aires. Se recuperar\u00e1 y preservar\u00e1 un patrimonio hist\u00f3rico nacional.<\/strong><\/em><!--more--><\/p>\n<p><img loading=\"lazy\" decoding=\"async\" class=\"size-medium wp-image-16176 alignright\" src=\"https:\/\/www.visionweb.com.ar\/wp-content\/uploads\/2024\/10\/RAMBLA-300x269.png\" alt=\"\" width=\"300\" height=\"269\" srcset=\"https:\/\/www.visionweb.com.ar\/wp-content\/uploads\/2024\/10\/RAMBLA-300x269.png 300w, https:\/\/www.visionweb.com.ar\/wp-content\/uploads\/2024\/10\/RAMBLA.png 535w\" sizes=\"auto, (max-width: 300px) 100vw, 300px\" \/>La emblem\u00e1tica\u00a0<strong>Rambla de Mar del Plata<\/strong>\u00a0ser\u00e1 puesta en valor por el Gobierno bonaerense en los pr\u00f3ximos meses, una vez que finalice la temporada de verano 2025, por lo que se estima que las obras comiencen en marzo.<\/p>\n<p>El Ministerio de Infraestructura y Servicios P\u00fablicos, a trav\u00e9s de la Subsecretar\u00eda de Obras P\u00fablicas y la Direcci\u00f3n Provincial de Arquitectura, ratific\u00f3 este lunes que \u201cavanza con el proyecto de refacci\u00f3n y renovaci\u00f3n integral de la Rambla\u201d, as\u00ed como la remodelaci\u00f3n de los espacios p\u00fablicos comunes que comparten el\u00a0<strong>Casino Central y el Hotel Provincial de la ciudad balnearia.<\/strong><\/p>\n<p>El ministro a cargo de la tarea, Gabriel Katopodis, se\u00f1al\u00f3: \u201cCon estas obras, vamos a recuperar un patrimonio que es referencia y orgullo de Mar del Plata y tambi\u00e9n de todos los argentinos.\u00a0<strong>Estamos convencidos de que en la defensa de la identidad cultural de nuestra provincia tambi\u00e9n estamos construyendo futuro\u201d.<\/strong><\/p>\n<p>El Ministerio tiene como eje de gesti\u00f3n\u00a0<strong>la Infraestructura para el Sistema de Ciudades, que comprende obras y proyectos de Infraestructura Cultural, Patrimonial e Identidad para la restauraci\u00f3n,<\/strong>\u00a0refuncionalizaci\u00f3n, preservaci\u00f3n y puesta en valor de bienes patrimoniales, edificios y monumentos hist\u00f3ricos que hacen a la cultura e identidad bonaerense.<\/p>\n<p>Las\u00a0<strong>obras<\/strong>\u00a0que se llevar\u00e1n a cabo para la puesta en valor de la Rambla y aleda\u00f1os son:<\/p>\n<p>\ud83d\udccd\u00a0recuperaci\u00f3n de solados y de equipamiento urbano;<\/p>\n<p>\ud83d\udccd\u00a0restauraci\u00f3n y reposici\u00f3n de baldosas en la rambla, recovas y el boulevard del sector del Hotel Provincial y el Casino;<\/p>\n<p>\ud83d\udccd\u00a0desobstrucci\u00f3n y reparaci\u00f3n de los desag\u00fces pluviales;<\/p>\n<p>\ud83d\udccd\u00a0colocaci\u00f3n de nuevas luminarias LED en la l\u00ednea de costa;<\/p>\n<p>\ud83d\udccd\u00a0puesta en valor de las estructuras de piedra, escaleras y rampas.<\/p>\n<h2 class=\"wp-block-heading\">Inversi\u00f3n y etapas<\/h2>\n<p>Las obras\u00a0<strong>una inversi\u00f3n de $6.775 millones\u00a0<\/strong>y se ejecutar\u00e1n \u201cen dos etapas, a partir de la finalizaci\u00f3n de la temporada de verano 2025 para no restringir completamente el uso del espacio p\u00fablico y evitar incomodidades a habitantes y turistas\u201d, comunic\u00f3 el ministerio.<\/p>\n<p>En el proyecto est\u00e1 previsto reconstruir\u00a0<strong>los sectores verdes originales, redise\u00f1ando el paisajismo con vegetaci\u00f3n, cestos para residuos y bancos,\u00a0<\/strong>restituyendo tambi\u00e9n el cerco de madera para separar este sector de la playa. Asimismo, se realizar\u00e1 la restauraci\u00f3n\u00a0<strong>de las esculturas emblem\u00e1ticas de los lobos marinos y los monolitos extremos,<\/strong>\u00a0y del revestimiento de piedra en los muros que separan un sector del otro.<\/p>\n<p>Con la puesta en valor de la Rambla del Mar del Plata,\u00a0<strong>se recuperar\u00e1 y preservar\u00e1 un patrimonio hist\u00f3rico nacional,\u00a0<\/strong>devolvi\u00e9ndole su identidad y condiciones originales, y mejorando su entorno con espacios de calidad que fomenten la integraci\u00f3n urbana y social, disminuyan la contaminaci\u00f3n visual en el frente costero y optimicen la seguridad peatonal(VW).<\/p>\n","protected":false},"excerpt":{"rendered":"<p>Los trabajos est\u00e1n a cargo del Ministerio de Infraestructura de la Provincia de Buenos Aires. Se recuperar\u00e1 y preservar\u00e1 un patrimonio hist\u00f3rico nacional.<\/p>\n","protected":false},"author":3,"featured_media":16176,"comment_status":"closed","ping_status":"closed","sticky":false,"template":"","format":"standard","meta":{"_monsterinsights_skip_tracking":false,"_monsterinsights_sitenote_active":false,"_monsterinsights_sitenote_note":"","_monsterinsights_sitenote_category":0,"footnotes":""},"categories":[8,700],"tags":[6859,6858,314],"class_list":["post-16175","post","type-post","status-publish","format-standard","has-post-thumbnail","hentry","category-interes-general","category-turismo","tag-l-rambla","tag-mar-del-pata","tag-restauracion"],"_links":{"self":[{"href":"https:\/\/www.visionweb.com.ar\/index.php?rest_route=\/wp\/v2\/posts\/16175","targetHints":{"allow":["GET"]}}],"collection":[{"href":"https:\/\/www.visionweb.com.ar\/index.php?rest_route=\/wp\/v2\/posts"}],"about":[{"href":"https:\/\/www.visionweb.com.ar\/index.php?rest_route=\/wp\/v2\/types\/post"}],"author":[{"embeddable":true,"href":"https:\/\/www.visionweb.com.ar\/index.php?rest_route=\/wp\/v2\/users\/3"}],"replies":[{"embeddable":true,"href":"https:\/\/www.visionweb.com.ar\/index.php?rest_route=%2Fwp%2Fv2%2Fcomments&post=16175"}],"version-history":[{"count":1,"href":"https:\/\/www.visionweb.com.ar\/index.php?rest_route=\/wp\/v2\/posts\/16175\/revisions"}],"predecessor-version":[{"id":16177,"href":"https:\/\/www.visionweb.com.ar\/index.php?rest_route=\/wp\/v2\/posts\/16175\/revisions\/16177"}],"wp:featuredmedia":[{"embeddable":true,"href":"https:\/\/www.visionweb.com.ar\/index.php?rest_route=\/wp\/v2\/media\/16176"}],"wp:attachment":[{"href":"https:\/\/www.visionweb.com.ar\/index.php?rest_route=%2Fwp%2Fv2%2Fmedia&parent=16175"}],"wp:term":[{"taxonomy":"category","embeddable":true,"href":"https:\/\/www.visionweb.com.ar\/index.php?rest_route=%2Fwp%2Fv2%2Fcategories&post=16175"},{"taxonomy":"post_tag","embeddable":true,"href":"https:\/\/www.visionweb.com.ar\/index.php?rest_route=%2Fwp%2Fv2%2Ftags&post=16175"}],"curies":[{"name":"wp","href":"https:\/\/api.w.org\/{rel}","templated":true}]}}