{"id":16173,"date":"2024-10-22T07:54:23","date_gmt":"2024-10-22T10:54:23","guid":{"rendered":"https:\/\/www.visionweb.com.ar\/?p=16173"},"modified":"2024-10-22T07:54:23","modified_gmt":"2024-10-22T10:54:23","slug":"el-gobierno-de-javier-milei-disolvio-la-afip","status":"publish","type":"post","link":"https:\/\/www.visionweb.com.ar\/?p=16173","title":{"rendered":"El gobierno de Javier Milei disolvi\u00f3 la AFIP"},"content":{"rendered":"<p><em><strong>El organismo nacional de recaudaci\u00f3n ser\u00e1 remplazado por la Agencia de Recaudaci\u00f3n y Control Aduanero (ARCA)\u00a0<\/strong><\/em><!--more--><\/p>\n<p><img loading=\"lazy\" decoding=\"async\" class=\"size-medium wp-image-1872 alignright\" src=\"https:\/\/www.visionweb.com.ar\/wp-content\/uploads\/2021\/06\/AFIP-300x196.png\" alt=\"\" width=\"300\" height=\"196\" srcset=\"https:\/\/www.visionweb.com.ar\/wp-content\/uploads\/2021\/06\/AFIP-300x196.png 300w, https:\/\/www.visionweb.com.ar\/wp-content\/uploads\/2021\/06\/AFIP.png 640w\" sizes=\"auto, (max-width: 300px) 100vw, 300px\" \/>El gobierno nacional decidi\u00f3 cerr\u00e1 la Administraci\u00f3n Federal de Ingresos P\u00fablicos (AFIP), en el marco de la reducci\u00f3n del Estado y la eliminaci\u00f3n de estructuras ineficientes, inform\u00f3 este lunes Casa de Gobierno.<\/p>\n<p>En su reemplazo, se crear\u00e1 la Agencia de Recaudaci\u00f3n y Control Aduanero (ARCA), un organismo con estructura m\u00e1s simple, m\u00e1s eficiente, menos costosa y menos burocr\u00e1tica, se\u00f1al\u00f3 el comunicado oficial.<\/p>\n<p>Esta medida reducir\u00e1 en un 45% las autoridades superiores y en un 31% los niveles inferiores, lo que representa una eliminaci\u00f3n del 34% de la estructura actual, generando un ahorro anual de 6.400 millones de pesos.<\/p>\n<p>Asimismo, se proceder\u00e1 a la desvinculaci\u00f3n de 3.155 agentes que ingresaron de manera irregular a la AFIP durante el \u00faltimo gobierno kirchnerista, lo que equivale al 15% de la dotaci\u00f3n actual. Este paso es imprescindible para desmantelar la burocracia innecesaria que ha obstaculizado la libertad econ\u00f3mica y comercial de los argentinos.<\/p>\n<p>Por otra parte, como inicio de la gesti\u00f3n de la nueva ARCA, se eliminar\u00e1 la Cuenta de Jerarquizaci\u00f3n para los altos cargos, reduciendo el salario de la titular del ente, de aproximadamente 32 millones al monto que percibe actualmente un Ministro de la Naci\u00f3n, rondando los 4 millones.<\/p>\n<p>Lo mismo ocurrir\u00e1 con los salarios de los Directores de la Direcci\u00f3n General Impositiva (DGI) y de la Direcci\u00f3n General de Aduanas (DGA), que actualmente perciben 17 millones y cobrar\u00e1n un sueldo equivalente al de un Secretario de la Naci\u00f3n.<\/p>\n<p>La direcci\u00f3n de ARCA estar\u00e1 a cargo de Florencia Misrahi, quien liderar\u00e1 este proceso junto a Andr\u00e9s Gerardo V\u00e1zquez, quien asumir\u00e1 como titular de la DGI, y Jos\u00e9 Andr\u00e9s Velis, nuevo titular de la DGA.<\/p>\n<p>V\u00e1zquez, Licenciado en Administraci\u00f3n de Empresas y Contador P\u00fablico, cuenta con m\u00e1s de 30 a\u00f1os de experiencia en la Direcci\u00f3n General Impositiva.<\/p>\n<p>Por su parte, Velis tiene amplia trayectoria en la Direcci\u00f3n General de Aduanas y ha sido responsable del desarrollo de sistemas inform\u00e1ticos clave como el sistema Malvina<strong>(VW)<\/strong><\/p>\n","protected":false},"excerpt":{"rendered":"<p>El organismo nacional de recaudaci\u00f3n ser\u00e1 remplazado por la Agencia de Recaudaci\u00f3n y Control Aduanero (ARCA)\u00a0<\/p>\n","protected":false},"author":3,"featured_media":1872,"comment_status":"closed","ping_status":"closed","sticky":false,"template":"","format":"standard","meta":{"_monsterinsights_skip_tracking":false,"_monsterinsights_sitenote_active":false,"_monsterinsights_sitenote_note":"","_monsterinsights_sitenote_category":0,"footnotes":""},"categories":[8,4],"tags":[881,6857,3980],"class_list":["post-16173","post","type-post","status-publish","format-standard","has-post-thumbnail","hentry","category-interes-general","category-politica","tag-afip","tag-arca","tag-dga"],"_links":{"self":[{"href":"https:\/\/www.visionweb.com.ar\/index.php?rest_route=\/wp\/v2\/posts\/16173","targetHints":{"allow":["GET"]}}],"collection":[{"href":"https:\/\/www.visionweb.com.ar\/index.php?rest_route=\/wp\/v2\/posts"}],"about":[{"href":"https:\/\/www.visionweb.com.ar\/index.php?rest_route=\/wp\/v2\/types\/post"}],"author":[{"embeddable":true,"href":"https:\/\/www.visionweb.com.ar\/index.php?rest_route=\/wp\/v2\/users\/3"}],"replies":[{"embeddable":true,"href":"https:\/\/www.visionweb.com.ar\/index.php?rest_route=%2Fwp%2Fv2%2Fcomments&post=16173"}],"version-history":[{"count":1,"href":"https:\/\/www.visionweb.com.ar\/index.php?rest_route=\/wp\/v2\/posts\/16173\/revisions"}],"predecessor-version":[{"id":16174,"href":"https:\/\/www.visionweb.com.ar\/index.php?rest_route=\/wp\/v2\/posts\/16173\/revisions\/16174"}],"wp:featuredmedia":[{"embeddable":true,"href":"https:\/\/www.visionweb.com.ar\/index.php?rest_route=\/wp\/v2\/media\/1872"}],"wp:attachment":[{"href":"https:\/\/www.visionweb.com.ar\/index.php?rest_route=%2Fwp%2Fv2%2Fmedia&parent=16173"}],"wp:term":[{"taxonomy":"category","embeddable":true,"href":"https:\/\/www.visionweb.com.ar\/index.php?rest_route=%2Fwp%2Fv2%2Fcategories&post=16173"},{"taxonomy":"post_tag","embeddable":true,"href":"https:\/\/www.visionweb.com.ar\/index.php?rest_route=%2Fwp%2Fv2%2Ftags&post=16173"}],"curies":[{"name":"wp","href":"https:\/\/api.w.org\/{rel}","templated":true}]}}