{"id":16171,"date":"2024-10-21T12:14:18","date_gmt":"2024-10-21T15:14:18","guid":{"rendered":"https:\/\/www.visionweb.com.ar\/?p=16171"},"modified":"2024-10-21T12:14:18","modified_gmt":"2024-10-21T15:14:18","slug":"provincia-tras-el-cierre-de-paritarias-anuncio-aumento-para-policias-y-penitenciarios","status":"publish","type":"post","link":"https:\/\/www.visionweb.com.ar\/?p=16171","title":{"rendered":"Provincia: Tras el cierre de paritarias anunci\u00f3 aumento para polic\u00edas y penitenciarios"},"content":{"rendered":"<p><em><strong>Falta que resuelvan los judiciales.\u00a0<\/strong><\/em><!--more--><\/p>\n<div id=\"attachment_12504\" style=\"width: 310px\" class=\"wp-caption alignright\"><img loading=\"lazy\" decoding=\"async\" aria-describedby=\"caption-attachment-12504\" class=\"wp-image-12504 size-medium\" src=\"https:\/\/www.visionweb.com.ar\/wp-content\/uploads\/2023\/11\/judiciales-300x169.png\" alt=\"\" width=\"300\" height=\"169\" srcset=\"https:\/\/www.visionweb.com.ar\/wp-content\/uploads\/2023\/11\/judiciales-300x169.png 300w, https:\/\/www.visionweb.com.ar\/wp-content\/uploads\/2023\/11\/judiciales.png 549w\" sizes=\"auto, (max-width: 300px) 100vw, 300px\" \/><p id=\"caption-attachment-12504\" class=\"wp-caption-text\">Foto de archivo<\/p><\/div>\n<p><strong>\u00a0 \u00a0L<\/strong>as\u00a0<strong>negociaciones paritarias<\/strong>\u00a0de la provincia de Buenos Aires se vislumbran con acuerdos, aunque \u00a0falta a\u00fan que el gremio que representa a <strong>trabajadores judiciales<\/strong> acepte la oferta de\u00a0<strong>aumento salarial<\/strong>.<\/p>\n<p>En esa l\u00ednea, gobierno de Kicillof dej\u00f3 un mensaje a\u00a0<strong>polic\u00edas<\/strong>\u00a0y\u00a0<strong>penitenciarios: <\/strong>\u00abEs muy satisfactorio para nosotros poder alcanzar este acuerdo\u00bb, dijo el ministro de Econom\u00eda bonaerense,<strong>\u00a0Pablo L\u00f3pez<\/strong>.<\/p>\n<p>En conferencia de prensa, el encargado de las finanzas de la provincia rescat\u00f3 que\u00a0<strong>\u00aben un a\u00f1o extremadamente complejo\u00bb llegaron a noviembre con 10 aumentos salariales mensuales<\/strong>. \u00abSiempre alcanzados a trav\u00e9s de negociaciones paritarias en consenso con los gremios\u00bb, complet\u00f3.<\/p>\n<p>Cabe recordar que en la \u00faltima semana los gremios aceptaron el 8 % ofrecido en dos tramos, una en octubre y otra en noviembre. La propuesta se completa con la\u00a0<strong>reapertura de las negociaciones en diciembre<\/strong>.<\/p>\n<p>En ese sentido, \u00abEl incremento salarial ser\u00e1\u00a0<strong>extensivo al personal de la Polic\u00eda Bonaerense y del Servicio Penitenciario (SPB)<\/strong>\u00ab, confirm\u00f3 L\u00f3pez esta ma\u00f1ana.<\/p>\n<p>Ahora s\u00f3lo faltar\u00eda la resoluci\u00f3n de los judiciales para terminar de acordar <strong>con todos los reg\u00edmenes<\/strong> de\u00a0<strong>trabajadores estatales<\/strong>\u00a0bonaerenses.\u00a0<strong>El gremio que conduce Hugo Russo dar\u00e1 una respuesta este mismo lunes<\/strong>\u00a0tras discutir la oferta en asambleas que realizar\u00e1 en las 20 departamentales.<\/p>\n<p>A la espera de una respuesta favorable, el ministro L\u00f3pez destac\u00f3: \u00abPudimos lograr que el salario de la provincia de Buenos Aires acompa\u00f1e de la mejor manera posible a la inflaci\u00f3n en un a\u00f1o de una inflaci\u00f3n alt\u00edsima\u00bb. <strong>(VW)<\/strong><\/p>\n","protected":false},"excerpt":{"rendered":"<p>Falta que resuelvan los judiciales.\u00a0<\/p>\n","protected":false},"author":4,"featured_media":12504,"comment_status":"closed","ping_status":"closed","sticky":false,"template":"","format":"standard","meta":{"_monsterinsights_skip_tracking":false,"_monsterinsights_sitenote_active":false,"_monsterinsights_sitenote_note":"","_monsterinsights_sitenote_category":0,"footnotes":""},"categories":[4,5],"tags":[649,6856,356],"class_list":["post-16171","post","type-post","status-publish","format-standard","has-post-thumbnail","hentry","category-politica","category-sociedad","tag-judiciales","tag-paaritarias","tag-provincia"],"_links":{"self":[{"href":"https:\/\/www.visionweb.com.ar\/index.php?rest_route=\/wp\/v2\/posts\/16171","targetHints":{"allow":["GET"]}}],"collection":[{"href":"https:\/\/www.visionweb.com.ar\/index.php?rest_route=\/wp\/v2\/posts"}],"about":[{"href":"https:\/\/www.visionweb.com.ar\/index.php?rest_route=\/wp\/v2\/types\/post"}],"author":[{"embeddable":true,"href":"https:\/\/www.visionweb.com.ar\/index.php?rest_route=\/wp\/v2\/users\/4"}],"replies":[{"embeddable":true,"href":"https:\/\/www.visionweb.com.ar\/index.php?rest_route=%2Fwp%2Fv2%2Fcomments&post=16171"}],"version-history":[{"count":1,"href":"https:\/\/www.visionweb.com.ar\/index.php?rest_route=\/wp\/v2\/posts\/16171\/revisions"}],"predecessor-version":[{"id":16172,"href":"https:\/\/www.visionweb.com.ar\/index.php?rest_route=\/wp\/v2\/posts\/16171\/revisions\/16172"}],"wp:featuredmedia":[{"embeddable":true,"href":"https:\/\/www.visionweb.com.ar\/index.php?rest_route=\/wp\/v2\/media\/12504"}],"wp:attachment":[{"href":"https:\/\/www.visionweb.com.ar\/index.php?rest_route=%2Fwp%2Fv2%2Fmedia&parent=16171"}],"wp:term":[{"taxonomy":"category","embeddable":true,"href":"https:\/\/www.visionweb.com.ar\/index.php?rest_route=%2Fwp%2Fv2%2Fcategories&post=16171"},{"taxonomy":"post_tag","embeddable":true,"href":"https:\/\/www.visionweb.com.ar\/index.php?rest_route=%2Fwp%2Fv2%2Ftags&post=16171"}],"curies":[{"name":"wp","href":"https:\/\/api.w.org\/{rel}","templated":true}]}}