{"id":16169,"date":"2024-10-21T11:53:30","date_gmt":"2024-10-21T14:53:30","guid":{"rendered":"https:\/\/www.visionweb.com.ar\/?p=16169"},"modified":"2024-10-21T11:53:30","modified_gmt":"2024-10-21T14:53:30","slug":"universidades-paran-48-horas-en-reclamo-por-financiamiento","status":"publish","type":"post","link":"https:\/\/www.visionweb.com.ar\/?p=16169","title":{"rendered":"Universidades: Paran 48 horas en reclamo por financiamiento"},"content":{"rendered":"<p><em><strong>Comenz\u00f3 otro\u00a0paro de las universidades p\u00fablicas por 48 horas, y todos los mi\u00e9rcoles habr\u00e1 clases p\u00fablicas frente al Congreso. Tambi\u00e9n comenzar\u00e1n las auditor\u00edas.<\/strong><\/em><!--more--><\/p>\n<p><strong>\u00a0\u00a0 <img loading=\"lazy\" decoding=\"async\" class=\"size-medium wp-image-16013 alignright\" src=\"https:\/\/www.visionweb.com.ar\/wp-content\/uploads\/2024\/10\/universitarios-300x175.png\" alt=\"\" width=\"300\" height=\"175\" srcset=\"https:\/\/www.visionweb.com.ar\/wp-content\/uploads\/2024\/10\/universitarios-300x175.png 300w, https:\/\/www.visionweb.com.ar\/wp-content\/uploads\/2024\/10\/universitarios.png 562w\" sizes=\"auto, (max-width: 300px) 100vw, 300px\" \/> L<\/strong>a Federaci\u00f3n de Docentes de las Universidades y la Federaci\u00f3n Argentina del Trabajador de las Universidades Nacionales realiza un paro de actividades\u00a0hoy y ma\u00f1ana<strong>.<\/strong><\/p>\n<p><strong>Esta medida de fuerza se suma al cese de actividades del 17 de octubre, y a las jornadas de visibilizaci\u00f3n que\u00a0<\/strong>incluyen clases abiertas frente al Congreso.<\/p>\n<p>\u201c<strong>A partir del 23 de octubre, se realizar\u00e1n clases p\u00fablicas todos los mi\u00e9rcoles a las 12 horas frente al Congreso de la Naci\u00f3n.<\/strong>\u00a0All\u00ed, reclamaremos en apoyo al presupuesto universitario propuesto por el CIN y exigiendo una partida presupuestaria de 2 billones de pesos para recomponer salarios Docentes y No docentes en las paritarias\u201d, detalla el <strong>comunicado del Frente Sindical<\/strong>.<\/p>\n<p>Esto es porque el Gobierno, de acuerdo al Presupuesto 2025, otorgar\u00e1 la mitad del dinero solicitado por las universidades para garantizar el funcionamiento y la recomposici\u00f3n salarial.<\/p>\n<p><strong>\u201cUna vaca sagrada\u201d<\/strong><\/p>\n<p>El presidente Javier Milei se refiri\u00f3 al veto al financiamiento de las universidades y se\u00f1al\u00f3 que \u201ces muy interesante el tema de los estudiantes\u201d porque \u201c<strong>las universidades es lo que se considera en la Argentina una vaca sagrada\u201d.<\/strong><\/p>\n<p><strong>\u201cLos pol\u00edticos utilizan estas causas nobles para esconder los robos.\u00a0<\/strong>Lo mismo hicieron con los planes sociales. Cuando esta discusi\u00f3n arranc\u00f3, el apoyo a las universidades como instituci\u00f3n era 90-10. Hoy ese n\u00famero es 50-40.\u00a0<strong>La imagen de las universidades cay\u00f3 30 puntos<\/strong>\u201d, consider\u00f3.<\/p>\n<p>Y precis\u00f3 que \u201cesto sucede porque la gente entendi\u00f3 de qu\u00e9 se trata eso\u201d. \u201cAc\u00e1 no est\u00e1 en juego ni la universidad p\u00fablica ni el arancelamiento. Lo \u00fanico que queremos hacer nosotros es auditarles. \u00bfCu\u00e1l es el problema? Los que roban no quieren. Entonces los pol\u00edticos empiezan con discusiones mentirosas\u201d, agreg\u00f3.<\/p>\n<p><strong>Auditorias en las universidades<\/strong><\/p>\n<p>En medio del conflicto universitario, el gobierno nacional comenzar\u00e1 este lunes las auditor\u00edas a las casas de altos estudios.<\/p>\n<p>El director de la\u00a0<strong>Sindicatura General de la Naci\u00f3n<\/strong>\u00a0(<strong>SIGEN<\/strong>),\u00a0<strong>Miguel Blanco<\/strong>, anunci\u00f3 que comenzar\u00e1 con las\u00a0<strong>auditor\u00edas\u00a0<\/strong>este lunes y el organismo que conduce le enviar\u00e1 una carta al rector de la\u00a0<strong>Universidad de Buenos Aires<\/strong>,\u00a0<strong>Ricardo Gelpi<\/strong>, para que tenga a disposici\u00f3n los papeles que requiere y para que ponga a disposici\u00f3n un intermediario para facilitar los controles.<\/p>\n<p>\u201c<strong>Vamos a trabajar primero en el programa de trabajo que ser\u00e1 fundamentalmente en el control del uso de los fondos p\u00fablicos que reciben las universidades<\/strong>\u201d, sostuvo el s\u00edndico, cuyo organismo esta semana volvi\u00f3 a recuperar la atribuci\u00f3n de revisar las cuentas de las casas de estudio. Una actividad que estaba paralizada desde 2022, durante la gesti\u00f3n del\u00a0<strong>Frente de Todos<\/strong>\u00a0por un dictamen del exprocurador del Tesoro,\u00a0<strong>Carlos Zannini<\/strong>.<\/p>\n<p>En este contexto, Blanco inform\u00f3 que esta semana tambi\u00e9n comenzar\u00e1 \u201c<strong>con algunos casos como la Universidad de La Matanza<\/strong>\u201d, pero aclar\u00f3 que dada la falta de personal para el resto a\u00fan falta armar los equipos de auditores y luego se priorizar\u00e1 en qu\u00e9 universidades seguir \u201cen funci\u00f3n de los vol\u00famenes de fondos y calidad de convenios\u201d.<\/p>\n<p>Cabe precisar que, uno de los desaf\u00edos que tiene\u00a0<strong>SIGEN\u00a0<\/strong>para llevar adelante las auditor\u00edas en las universidades, es que la entidad cuenta con 530 trabajadores, por lo cual\u00a0<strong>Blanco\u00a0<\/strong>podr\u00eda solicitar una exenci\u00f3n para contratar m\u00e1s personal. \u201c<strong>Estamos ajustados de gente y tambi\u00e9n de personal capacitado<\/strong>\u201d, reconoci\u00f3 el s\u00edndico.<\/p>\n<p>Seg\u00fan precis\u00f3\u00a0<strong>Blanco<\/strong>, la auditor\u00eda deber\u00e1 abarcar un universo de aproximadamente 2.200 convenios en universidades p\u00fablicas de todo el pa\u00eds, que algunos son de actividades relacionadas con pasant\u00edas, pr\u00e1cticas profesionales y tareas que no est\u00e1n directamente vinculadas a la funci\u00f3n acad\u00e9mica. <strong>(VW)<\/strong><\/p>\n","protected":false},"excerpt":{"rendered":"<p>Comenz\u00f3 otro\u00a0paro de las universidades p\u00fablicas por 48 horas, y todos los mi\u00e9rcoles habr\u00e1 clases p\u00fablicas frente al Congreso. Tambi\u00e9n comenzar\u00e1n las auditor\u00edas.<\/p>\n","protected":false},"author":4,"featured_media":16013,"comment_status":"closed","ping_status":"closed","sticky":false,"template":"","format":"standard","meta":{"_monsterinsights_skip_tracking":false,"_monsterinsights_sitenote_active":false,"_monsterinsights_sitenote_note":"","_monsterinsights_sitenote_category":0,"footnotes":""},"categories":[4,5],"tags":[6855,6819,6854],"class_list":["post-16169","post","type-post","status-publish","format-standard","has-post-thumbnail","hentry","category-politica","category-sociedad","tag-auditorias","tag-conflicto-universidades","tag-paro-48-horas"],"_links":{"self":[{"href":"https:\/\/www.visionweb.com.ar\/index.php?rest_route=\/wp\/v2\/posts\/16169","targetHints":{"allow":["GET"]}}],"collection":[{"href":"https:\/\/www.visionweb.com.ar\/index.php?rest_route=\/wp\/v2\/posts"}],"about":[{"href":"https:\/\/www.visionweb.com.ar\/index.php?rest_route=\/wp\/v2\/types\/post"}],"author":[{"embeddable":true,"href":"https:\/\/www.visionweb.com.ar\/index.php?rest_route=\/wp\/v2\/users\/4"}],"replies":[{"embeddable":true,"href":"https:\/\/www.visionweb.com.ar\/index.php?rest_route=%2Fwp%2Fv2%2Fcomments&post=16169"}],"version-history":[{"count":1,"href":"https:\/\/www.visionweb.com.ar\/index.php?rest_route=\/wp\/v2\/posts\/16169\/revisions"}],"predecessor-version":[{"id":16170,"href":"https:\/\/www.visionweb.com.ar\/index.php?rest_route=\/wp\/v2\/posts\/16169\/revisions\/16170"}],"wp:featuredmedia":[{"embeddable":true,"href":"https:\/\/www.visionweb.com.ar\/index.php?rest_route=\/wp\/v2\/media\/16013"}],"wp:attachment":[{"href":"https:\/\/www.visionweb.com.ar\/index.php?rest_route=%2Fwp%2Fv2%2Fmedia&parent=16169"}],"wp:term":[{"taxonomy":"category","embeddable":true,"href":"https:\/\/www.visionweb.com.ar\/index.php?rest_route=%2Fwp%2Fv2%2Fcategories&post=16169"},{"taxonomy":"post_tag","embeddable":true,"href":"https:\/\/www.visionweb.com.ar\/index.php?rest_route=%2Fwp%2Fv2%2Ftags&post=16169"}],"curies":[{"name":"wp","href":"https:\/\/api.w.org\/{rel}","templated":true}]}}