{"id":16160,"date":"2024-10-18T15:04:05","date_gmt":"2024-10-18T18:04:05","guid":{"rendered":"https:\/\/www.visionweb.com.ar\/?p=16160"},"modified":"2024-10-18T15:04:05","modified_gmt":"2024-10-18T18:04:05","slug":"coloquio-de-idea-2024-milei-hizo-un-repaso-de-sus-logros-en-la-macroeconomia","status":"publish","type":"post","link":"https:\/\/www.visionweb.com.ar\/?p=16160","title":{"rendered":"Coloquio de IDEA 2024: Milei hizo un repaso de sus logros en la macroeconom\u00eda"},"content":{"rendered":"<p><em><strong>El presidente argentino ante los empresarios en Mar del Plata exalt\u00f3 su gesti\u00f3n durante estos 10 meses de gobierno.<\/strong><\/em><!--more--><\/p>\n<p><strong><img loading=\"lazy\" decoding=\"async\" class=\"size-medium wp-image-16161 alignright\" src=\"https:\/\/www.visionweb.com.ar\/wp-content\/uploads\/2024\/10\/colouio-idea-24-300x161.png\" alt=\"\" width=\"300\" height=\"161\" srcset=\"https:\/\/www.visionweb.com.ar\/wp-content\/uploads\/2024\/10\/colouio-idea-24-300x161.png 300w, https:\/\/www.visionweb.com.ar\/wp-content\/uploads\/2024\/10\/colouio-idea-24.png 551w\" sizes=\"auto, (max-width: 300px) 100vw, 300px\" \/>\u00a0 \u00a0 \u00a0E<\/strong>l<strong> presidente Javier Milei cerr\u00f3 este viernes en Mar del Plata la 60 edici\u00f3n del Coloquio IDEA<\/strong>, donde elogi\u00f3 su plan econ\u00f3mico de sus primeros 10 meses de gesti\u00f3n, insisti\u00f3 con la dolarizaci\u00f3n y el cierre del Banco Central.<\/p>\n<p>Fue este viernes por la ma\u00f1ana en el hotel Sheraton de Mar del Plata, donde l presidente\u00a0<strong>Javier Milei\u00a0<\/strong>cerr\u00f3 el\u00a0<strong>60\u00b0 Coloquio de Idea<\/strong>\u00a0ante cientos de empresarios y con una movilizaci\u00f3n universitaria a pocos metros del lugar.<\/p>\n<p>\u00abNos dec\u00edan que no se pod\u00eda hacer y lo hicimos solo en el primer mes de gesti\u00f3n\u00bb, dijo Javier Milei a prop\u00f3sito del ajuste fiscal que hace desde su llegada al gobierno.<\/p>\n<p>Habl\u00f3 ante los empresarios en el coloquio de IDEA, repas\u00f3 todo lo que entiende como logros de su gobierno para evitar una crisis econ\u00f3mica y social sin precedentes en el pa\u00eds, y ratific\u00f3 que en su orientaci\u00f3n econ\u00f3mica, la inflaci\u00f3n es siempre un fen\u00f3meno monetario y la clave de la p\u00e9rdida del poder adquisitivo. Dijo que esa es la consecuencia principal de la inflaci\u00f3n, para contraponer lo que sosten\u00eda -como dijo- \u00abmi antecesor\u00bb, que dec\u00eda que \u00abla inflaci\u00f3n la producen los diablos\u00bb. \u00abLas fuerzas del cielo, los mat\u00f3 a todos\u00bb, dijo y fue aplaudido.<\/p>\n<p>Tambi\u00e9n dijo que el \u00abcaso argentino\u00bb estaba peor que cuando el \u00abRodigrazo\u00bb en los 70, las reservas peor que con Alfons\u00edn y la crisis social, a\u00fan m\u00e1s grave que en 2001.<\/p>\n<p>Por eso, desarrollamos el programa de <strong>\u00abd\u00e9ficit cero\u00bb<\/strong> y lo hac\u00edamos con la imagen de una \u00abmotosierra\u00bb. Con lo cual, asegur\u00f3, se evit\u00f3 una enorme crisis para el pa\u00eds.<\/p>\n<p><strong>\u00abCortamos de cuajo la obra p\u00fablica\u00bb<\/strong><\/p>\n<p><strong>Javier Milei<\/strong>\u00a0repas\u00f3 en la primera parte de su discurso la serie de cambios que instrument\u00f3 en la marcoeconom\u00eda.<\/p>\n<p>Entre ellos destac\u00f3 el corte abrupto en la obra p\u00fablica desde el estado, en esa l\u00ednea dijo:\u00a0<strong>\u00abes as\u00ed como roban los pol\u00edticos\u00bb.<\/strong><\/p>\n<p>Tambi\u00e9n se refiri\u00f3 a un corte con los<strong>\u00a0\u00abgerentes de la pobreza\u00bb.<\/strong>\u00a0Se refiri\u00f3 as\u00ed a los l\u00edderes sociales o piqueteros que controlaban el dinero y a los manifestantes. Dijo que gracias al plan de la ministra Pettovello, se le quit\u00f3 ese poder y los desarmaron. La gente ya no se vio obligada a ir a marchas para recibir la asistencia social.<\/p>\n<p>Se refiri\u00f3 tambi\u00e9n al protocolo antipiquetes de Patricia Bullrich, y resalt\u00f3 que hoy, cuando circulan por las calles de Buenos Aires sin problemas, \u00abme podr\u00edan agradecer\u00bb. <strong>(VW)<\/strong><\/p>\n","protected":false},"excerpt":{"rendered":"<p>El presidente argentino ante los empresarios en Mar del Plata exalt\u00f3 su gesti\u00f3n durante estos 10 meses de gobierno.<\/p>\n","protected":false},"author":4,"featured_media":16161,"comment_status":"closed","ping_status":"closed","sticky":false,"template":"","format":"standard","meta":{"_monsterinsights_skip_tracking":false,"_monsterinsights_sitenote_active":false,"_monsterinsights_sitenote_note":"","_monsterinsights_sitenote_category":0,"footnotes":""},"categories":[4],"tags":[6853,4530],"class_list":["post-16160","post","type-post","status-publish","format-standard","has-post-thumbnail","hentry","category-politica","tag-coloquio-idea-2024","tag-milei"],"_links":{"self":[{"href":"https:\/\/www.visionweb.com.ar\/index.php?rest_route=\/wp\/v2\/posts\/16160","targetHints":{"allow":["GET"]}}],"collection":[{"href":"https:\/\/www.visionweb.com.ar\/index.php?rest_route=\/wp\/v2\/posts"}],"about":[{"href":"https:\/\/www.visionweb.com.ar\/index.php?rest_route=\/wp\/v2\/types\/post"}],"author":[{"embeddable":true,"href":"https:\/\/www.visionweb.com.ar\/index.php?rest_route=\/wp\/v2\/users\/4"}],"replies":[{"embeddable":true,"href":"https:\/\/www.visionweb.com.ar\/index.php?rest_route=%2Fwp%2Fv2%2Fcomments&post=16160"}],"version-history":[{"count":1,"href":"https:\/\/www.visionweb.com.ar\/index.php?rest_route=\/wp\/v2\/posts\/16160\/revisions"}],"predecessor-version":[{"id":16162,"href":"https:\/\/www.visionweb.com.ar\/index.php?rest_route=\/wp\/v2\/posts\/16160\/revisions\/16162"}],"wp:featuredmedia":[{"embeddable":true,"href":"https:\/\/www.visionweb.com.ar\/index.php?rest_route=\/wp\/v2\/media\/16161"}],"wp:attachment":[{"href":"https:\/\/www.visionweb.com.ar\/index.php?rest_route=%2Fwp%2Fv2%2Fmedia&parent=16160"}],"wp:term":[{"taxonomy":"category","embeddable":true,"href":"https:\/\/www.visionweb.com.ar\/index.php?rest_route=%2Fwp%2Fv2%2Fcategories&post=16160"},{"taxonomy":"post_tag","embeddable":true,"href":"https:\/\/www.visionweb.com.ar\/index.php?rest_route=%2Fwp%2Fv2%2Ftags&post=16160"}],"curies":[{"name":"wp","href":"https:\/\/api.w.org\/{rel}","templated":true}]}}