{"id":16152,"date":"2024-10-18T13:55:36","date_gmt":"2024-10-18T16:55:36","guid":{"rendered":"https:\/\/www.visionweb.com.ar\/?p=16152"},"modified":"2024-10-18T13:55:36","modified_gmt":"2024-10-18T16:55:36","slug":"capacitarte-lanus-nuevo-curso-intensivo-de-reparacion-de-motos","status":"publish","type":"post","link":"https:\/\/www.visionweb.com.ar\/?p=16152","title":{"rendered":"Capacitarte Lan\u00fas: Nuevo Curso Intensivo de Reparaci\u00f3n de Motos"},"content":{"rendered":"<p><em><strong>El Municipio ofrecer\u00e1 una nueva capacitaci\u00f3n<\/strong> <strong>t\u00e9cnica, te\u00f3rica y pr\u00e1ctica gratuita, en el rubro automotriz. Las clases comenzar\u00e1n el pr\u00f3ximo lunes. Hay que inscribirse.<\/strong><\/em><!--more--><\/p>\n<p><strong> <img loading=\"lazy\" decoding=\"async\" class=\"size-medium wp-image-16153 alignright\" src=\"https:\/\/www.visionweb.com.ar\/wp-content\/uploads\/2024\/10\/lanus-curso-moto-300x300.jpg\" alt=\"\" width=\"300\" height=\"300\" srcset=\"https:\/\/www.visionweb.com.ar\/wp-content\/uploads\/2024\/10\/lanus-curso-moto-300x300.jpg 300w, https:\/\/www.visionweb.com.ar\/wp-content\/uploads\/2024\/10\/lanus-curso-moto-150x150.jpg 150w, https:\/\/www.visionweb.com.ar\/wp-content\/uploads\/2024\/10\/lanus-curso-moto-80x80.jpg 80w, https:\/\/www.visionweb.com.ar\/wp-content\/uploads\/2024\/10\/lanus-curso-moto-320x320.jpg 320w, https:\/\/www.visionweb.com.ar\/wp-content\/uploads\/2024\/10\/lanus-curso-moto-65x65.jpg 65w, https:\/\/www.visionweb.com.ar\/wp-content\/uploads\/2024\/10\/lanus-curso-moto.jpg 384w\" sizes=\"auto, (max-width: 300px) 100vw, 300px\" \/>\u00a0\u00a0 Lan\u00fas Gobierno<\/strong> inform\u00f3 que se dictar\u00e1 un nuevo <strong>Curso Intensivo de Reparaci\u00f3n de Motos,<\/strong> con la finalidad de ofrecer completar la curr\u00edcula de manera r\u00e1pida y efectiva.<\/p>\n<p>Esta formaci\u00f3n es para vecinos y vecinas que quieran aprender sobre <strong>mec\u00e1nica de moto veh\u00edculos<\/strong> e incluso para personas que deseen desarrollar el oficio como<strong> salida laboral<\/strong>. Durante las clases, se brindar\u00e1 informaci\u00f3n <strong>t\u00e9cnica, te\u00f3rica y pr\u00e1ctica<\/strong>, inform\u00f3 Prensa de Lan\u00fas.<\/p>\n<p>Para este curso no se requieren conocimientos previos. Las inscripciones se realizan por medio de la p\u00e1gina \u00a0<a href=\"http:\/\/lanus.gob.ar\/capacitarte\">lanus.gob.ar\/capacitarte<\/a>.<\/p>\n<p><strong>Cronograma:<\/strong><\/p>\n<ul>\n<li><strong>Duraci\u00f3n y horario:<\/strong><\/li>\n<\/ul>\n<p>Desde el lunes 21 hasta el s\u00e1bado 26 de octubre de 14 a 17 horas.<\/p>\n<ul>\n<li><strong>Lugar:<\/strong><\/li>\n<\/ul>\n<p>Sociedad de Fomento Mariano Moreno (Pasaje Bernardo Plaul 1996, Lan\u00fas Oeste).<\/p>\n<p>Capacitarte Lan\u00fas se lanz\u00f3 en abril y, desde entonces, sigue registrando un alto nivel de concurrencia. El programa dispone de una gran variedad de cursos que ofrecen herramientas b\u00e1sicas para que las y los estudiantes puedan encontrar una salida laboral o incrementar su desarrollo personal. <strong>(VW)<\/strong><\/p>\n","protected":false},"excerpt":{"rendered":"<p>El Municipio ofrecer\u00e1 una nueva capacitaci\u00f3n t\u00e9cnica, te\u00f3rica y pr\u00e1ctica gratuita, en el rubro automotriz. Las clases comenzar\u00e1n el pr\u00f3ximo lunes. Hay que inscribirse.<\/p>\n","protected":false},"author":4,"featured_media":16153,"comment_status":"closed","ping_status":"closed","sticky":false,"template":"","format":"standard","meta":{"_monsterinsights_skip_tracking":false,"_monsterinsights_sitenote_active":false,"_monsterinsights_sitenote_note":"","_monsterinsights_sitenote_category":0,"footnotes":""},"categories":[8],"tags":[6847,6848],"class_list":["post-16152","post","type-post","status-publish","format-standard","has-post-thumbnail","hentry","category-interes-general","tag-capacitarte-lanus","tag-curso-de-reparacion-de-moto"],"_links":{"self":[{"href":"https:\/\/www.visionweb.com.ar\/index.php?rest_route=\/wp\/v2\/posts\/16152","targetHints":{"allow":["GET"]}}],"collection":[{"href":"https:\/\/www.visionweb.com.ar\/index.php?rest_route=\/wp\/v2\/posts"}],"about":[{"href":"https:\/\/www.visionweb.com.ar\/index.php?rest_route=\/wp\/v2\/types\/post"}],"author":[{"embeddable":true,"href":"https:\/\/www.visionweb.com.ar\/index.php?rest_route=\/wp\/v2\/users\/4"}],"replies":[{"embeddable":true,"href":"https:\/\/www.visionweb.com.ar\/index.php?rest_route=%2Fwp%2Fv2%2Fcomments&post=16152"}],"version-history":[{"count":1,"href":"https:\/\/www.visionweb.com.ar\/index.php?rest_route=\/wp\/v2\/posts\/16152\/revisions"}],"predecessor-version":[{"id":16154,"href":"https:\/\/www.visionweb.com.ar\/index.php?rest_route=\/wp\/v2\/posts\/16152\/revisions\/16154"}],"wp:featuredmedia":[{"embeddable":true,"href":"https:\/\/www.visionweb.com.ar\/index.php?rest_route=\/wp\/v2\/media\/16153"}],"wp:attachment":[{"href":"https:\/\/www.visionweb.com.ar\/index.php?rest_route=%2Fwp%2Fv2%2Fmedia&parent=16152"}],"wp:term":[{"taxonomy":"category","embeddable":true,"href":"https:\/\/www.visionweb.com.ar\/index.php?rest_route=%2Fwp%2Fv2%2Fcategories&post=16152"},{"taxonomy":"post_tag","embeddable":true,"href":"https:\/\/www.visionweb.com.ar\/index.php?rest_route=%2Fwp%2Fv2%2Ftags&post=16152"}],"curies":[{"name":"wp","href":"https:\/\/api.w.org\/{rel}","templated":true}]}}