{"id":16149,"date":"2024-10-18T11:08:27","date_gmt":"2024-10-18T14:08:27","guid":{"rendered":"https:\/\/www.visionweb.com.ar\/?p=16149"},"modified":"2024-10-18T11:08:27","modified_gmt":"2024-10-18T14:08:27","slug":"estudiantes-de-la-unlz-protagonizaron-una-clase-abierta-en-la-plaza-grigera","status":"publish","type":"post","link":"https:\/\/www.visionweb.com.ar\/?p=16149","title":{"rendered":"Estudiantes de la UNLZ protagonizaron una clase abierta en la Plaza Grigera"},"content":{"rendered":"<p><strong><em>La convocatoria fue realizada por estudiantes, docentes y trabajadores de la alta casa de estudios del sur del gran Buenos Aires. Se sumaron autoridades.<\/em><\/strong>\u00a0 \u00a0\u00a0<!--more--><\/p>\n<p><img loading=\"lazy\" decoding=\"async\" class=\"size-medium wp-image-16150 alignright\" src=\"https:\/\/www.visionweb.com.ar\/wp-content\/uploads\/2024\/10\/CLASE-ABIERTA-300x162.png\" alt=\"\" width=\"300\" height=\"162\" srcset=\"https:\/\/www.visionweb.com.ar\/wp-content\/uploads\/2024\/10\/CLASE-ABIERTA-300x162.png 300w, https:\/\/www.visionweb.com.ar\/wp-content\/uploads\/2024\/10\/CLASE-ABIERTA.png 640w\" sizes=\"auto, (max-width: 300px) 100vw, 300px\" \/>La Plaza Grigera\u00a0 en el centro de Lomas de Zamora, fue protagonista de una clase abierta organizada por estudiantes y docentes de la alta casa de estudios, en se\u00f1al de protesta por el veto ley de\u00a0 financiamiento de las universidades nacionales:<\/p>\n<p>Este mi\u00e9rcoles la <strong>Universidad Nacional de Lomas de Zamora<\/strong> realiz\u00f3 una <strong>clase abierta<\/strong>\u00a0en el centro de Lomas de Zamora.<\/p>\n<p>All\u00ed dijeron presente Estudiantes, graduados, docentes, no docentes de la comunidad educativa\u00a0 en respuesta a la ratificaci\u00f3n del\u00a0<strong>veto a la Ley de Financiamiento en Diputados<\/strong> y el plan de desfinanciamiento implementado por parte del Gobierno de Javier Milei.<\/p>\n<p>La clase abierta fue organizada por la Federaci\u00f3n Universitaria de Lomas de Zamora (FULZ), la Asociaci\u00f3n del Personal de la Universidad de Lomas de Zamora (APULZ) y la Asociaci\u00f3n de Docentes e Investigadores de la Universidad Nacional de Lomas de Zamora (ADIULZA)<\/p>\n<p><strong>Noel\u00ed Cristi<\/strong>, docente de las materias Introducci\u00f3n a la Comunicaci\u00f3n y Problem\u00e1tica Period\u00edstica,\u00a0 dict\u00f3 una clase sobre el <strong>rol del periodismo y los medios de comunicaci\u00f3n<\/strong>\u00a0<strong>en la desinformaci\u00f3n.<\/strong><\/p>\n<p>\u201cQueremos que la gente se entere un poco m\u00e1s de lo que est\u00e1 pasando, que nos podamos escuchar con las personas que no van a la universidad y que quiz\u00e1s saben del conflicto a trav\u00e9s de los medios y reciben informaciones correctas, pero tambi\u00e9n mucha desinformaci\u00f3n dando vuelta por las redes, interesada y descontextualizada\u201d.<\/p>\n<p>Durante la clase se pusieron alrededor de la plaza <strong>carteles que refutan los dichos del Gobierno<\/strong>\u00a0reproducidos por medios de comunicaci\u00f3n afines. Uno de ellos refuta la idea de que las universidades no son auditadas. \u201cLa idea es que cualquiera que pase por ac\u00e1 pueda leer y quiz\u00e1s aprender sobre desinformaci\u00f3n\u201d, explica Noel\u00ed.<\/p>\n<p>En la esquina de la Plaza Grigera, en Yrigoyen y S\u00e1enz, hab\u00eda un grupo reducido de jubilados que tambi\u00e9n hicieron su propio reclamo ante los recortes del Gobierno.<\/p>\n<p>El grupo de jubilados exhib\u00eda carteles con fotos de Norma Pl\u00e1 y frases que expresan sus necesidades y micr\u00f3fono abierto para que hable quien quiera.<\/p>\n<p>\u201cAport\u00e9 40 a\u00f1os y tengo una jubilaci\u00f3n digna, pero la mayor\u00eda no puede pagar la luz. Yo pagaba 16 mil pesos de luz y ahora pago 80. De gas casi 90 mil\u00a0 y vivo solo\u201d, explica Daniel Amaya del centro de jubilados No Me Olvides. Daniel lleva m\u00e1s de 50 a\u00f1os militando. Lo hace desde los 22, cuando volvi\u00f3 Per\u00f3n al pa\u00eds, tiene su propia agrupaci\u00f3n pol\u00edtica llamada La Misi\u00f3n Peronista, en su dedo \u00edndice muestra un anillo dorado con la cara de Evita.<\/p>\n<p>\u201c<strong>Apoyamos la universidad p\u00fablica, cosa que los universitarios no hacen con nosotros<\/strong>\u201d, sentencia Daniel. Parece que en este grupo de jubilados hay un consenso, y es que no se demuestra una reciprocidad por parte de la juventud universitaria hacia su causa. Graciela, del centro de jubilados Siempre Bien, lo ratifica: \u201cNecesitamos el apoyo de los j\u00f3venes porque nosotros tambi\u00e9n vamos a las marchas de la facultad. No es por nosotros, sino por el futuro de los j\u00f3venes\u201d(VW).<\/p>\n<p><strong>Con informaci\u00f3n de la agencia AUNO<\/strong><\/p>\n","protected":false},"excerpt":{"rendered":"<p>La convocatoria fue realizada por estudiantes, docentes y trabajadores de la alta casa de estudios del sur del gran Buenos Aires. Se sumaron autoridades.\u00a0 \u00a0\u00a0<\/p>\n","protected":false},"author":3,"featured_media":16150,"comment_status":"closed","ping_status":"closed","sticky":false,"template":"","format":"standard","meta":{"_monsterinsights_skip_tracking":false,"_monsterinsights_sitenote_active":false,"_monsterinsights_sitenote_note":"","_monsterinsights_sitenote_category":0,"footnotes":""},"categories":[7,8],"tags":[6846,410,1079,6845,3197,1247],"class_list":["post-16149","post","type-post","status-publish","format-standard","has-post-thumbnail","hentry","category-educacion-y-cultura","category-interes-general","tag-clase-unlz","tag-docentes","tag-estudiantes","tag-grigera","tag-plaza","tag-trabajadores"],"_links":{"self":[{"href":"https:\/\/www.visionweb.com.ar\/index.php?rest_route=\/wp\/v2\/posts\/16149","targetHints":{"allow":["GET"]}}],"collection":[{"href":"https:\/\/www.visionweb.com.ar\/index.php?rest_route=\/wp\/v2\/posts"}],"about":[{"href":"https:\/\/www.visionweb.com.ar\/index.php?rest_route=\/wp\/v2\/types\/post"}],"author":[{"embeddable":true,"href":"https:\/\/www.visionweb.com.ar\/index.php?rest_route=\/wp\/v2\/users\/3"}],"replies":[{"embeddable":true,"href":"https:\/\/www.visionweb.com.ar\/index.php?rest_route=%2Fwp%2Fv2%2Fcomments&post=16149"}],"version-history":[{"count":1,"href":"https:\/\/www.visionweb.com.ar\/index.php?rest_route=\/wp\/v2\/posts\/16149\/revisions"}],"predecessor-version":[{"id":16151,"href":"https:\/\/www.visionweb.com.ar\/index.php?rest_route=\/wp\/v2\/posts\/16149\/revisions\/16151"}],"wp:featuredmedia":[{"embeddable":true,"href":"https:\/\/www.visionweb.com.ar\/index.php?rest_route=\/wp\/v2\/media\/16150"}],"wp:attachment":[{"href":"https:\/\/www.visionweb.com.ar\/index.php?rest_route=%2Fwp%2Fv2%2Fmedia&parent=16149"}],"wp:term":[{"taxonomy":"category","embeddable":true,"href":"https:\/\/www.visionweb.com.ar\/index.php?rest_route=%2Fwp%2Fv2%2Fcategories&post=16149"},{"taxonomy":"post_tag","embeddable":true,"href":"https:\/\/www.visionweb.com.ar\/index.php?rest_route=%2Fwp%2Fv2%2Ftags&post=16149"}],"curies":[{"name":"wp","href":"https:\/\/api.w.org\/{rel}","templated":true}]}}