{"id":16147,"date":"2024-10-18T10:40:30","date_gmt":"2024-10-18T13:40:30","guid":{"rendered":"https:\/\/www.visionweb.com.ar\/?p=16147"},"modified":"2024-10-18T10:40:30","modified_gmt":"2024-10-18T13:40:30","slug":"desde-el-gobierno-evaluan-la-posibilidad-de-aumentar-la-edad-jubilatoria","status":"publish","type":"post","link":"https:\/\/www.visionweb.com.ar\/?p=16147","title":{"rendered":"Desde el gobierno eval\u00faan la posibilidad de aumentar la edad jubilatoria"},"content":{"rendered":"<p><em><strong>Desde la ANSES aseguran que en uno de los puntos del Pacto de Mayo firmado por algunos gobernadores el 9 de Julio \u00faltimo est\u00e1 contemplado.<\/strong><\/em> <!--more--><\/p>\n<p><img loading=\"lazy\" decoding=\"async\" class=\"size-medium wp-image-1574 alignright\" src=\"https:\/\/www.visionweb.com.ar\/wp-content\/uploads\/2021\/05\/LANUS-PARQUE-INDUSTRIAL-300x199.png\" alt=\"\" width=\"300\" height=\"199\" srcset=\"https:\/\/www.visionweb.com.ar\/wp-content\/uploads\/2021\/05\/LANUS-PARQUE-INDUSTRIAL-300x199.png 300w, https:\/\/www.visionweb.com.ar\/wp-content\/uploads\/2021\/05\/LANUS-PARQUE-INDUSTRIAL-768x510.png 768w, https:\/\/www.visionweb.com.ar\/wp-content\/uploads\/2021\/05\/LANUS-PARQUE-INDUSTRIAL.png 800w\" sizes=\"auto, (max-width: 300px) 100vw, 300px\" \/>El titular de la Anses, Mariano de los Heros, pidi\u00f3 debatir la posibilidad de subir la edad jubilatoria, algo que el Gobierno tiene en agenda desde que asumi\u00f3, al tiempo que rechaz\u00f3 la idea de que los jubilados fueron quienes m\u00e1s poder adquisitivo perdieron durante los primeros once meses del gobierno de Javier Milei.<\/p>\n<p>Si bien el r\u00e9gimen general hoy es de 60 a\u00f1os para las mujeres y 65 para los hombres, con 30 a\u00f1os de aporte, De los Heros record\u00f3 que el punto 9 del Pacto de Mayo firmado por 20 gobernadores prev\u00e9 una reforma previsional.<\/p>\n<p>\u201cYo creo que en el marco de una reforma previsional que se debe la Argentina por tener el sistema quebrado y porque la realidad del mundo laboral ha cambiado en todo el mundo, se deben considerar varias variables, entre ellas la edad de jubilaci\u00f3n\u201d, precis\u00f3.<\/p>\n<p>No obstante, aclar\u00f3 en declaraciones a Radio Mitre, que no debe analizarse en forma aislada, sino dentro de una modificaci\u00f3n global porque los \u201cparches\u201d que se realizaron durante los \u00faltimos a\u00f1os fueron los que a su entender terminaron quebrando el sistema.<\/p>\n<p>Desde hace varias semanas la gesti\u00f3n de Javier Milei eval\u00faa una reforma previsional que, seg\u00fan trascendi\u00f3, podr\u00eda equiparar la edad jubilatoria entre los hombres y las mujeres en 65 a\u00f1os. En el borrador del Gobierno se prev\u00e9 redise\u00f1ar integralmente el sistema, incluso impulsar una privatizaci\u00f3n del fondo de los aportes.<\/p>\n<p>Tambi\u00e9n est\u00e1 en agenda una gradual desarticulaci\u00f3n de los reg\u00edmenes especiales que plantean beneficios por sectores, as\u00ed como una revisi\u00f3n del sistema de pensiones. Se busca, adem\u00e1s, la readopci\u00f3n de un modelo de capitalizaci\u00f3n, como el que existi\u00f3 entre 1993 y 2008, con la Administradora de Fondos de Jubilaciones y Pensiones (AFJP), algo que encontrar\u00e1 rechazo en gran parte de la oposici\u00f3n.<\/p>\n<p>Si bien es algo que est\u00e1 en agenda, no es prioritario por lo que no existen a\u00fan plazos concretos para su implementaci\u00f3n y podr\u00eda ser un proyecto que se impulse reci\u00e9n el a\u00f1o que viene.<\/p>\n<p>\u00bfP\u00e9rdida o ganancia?<\/p>\n<p>En otro tramo de la entrevista, De los Heros dijo que en la gesti\u00f3n libertaria los jubilados recuperaron poder adquisitivo. \u201cDa la sensaci\u00f3n de que los que mayor motosierra recibieron fueron los jubilados\u201d, interpel\u00f3 el periodista Eduardo Feinmann. \u201cComo dir\u00eda An\u00edbal Fern\u00e1ndez, me parece que es una sensaci\u00f3n esa\u201d, respondi\u00f3 el funcionario.<\/p>\n<p>\u201cLa realidad no tiene nada que ver con eso, el gasto de Anses representa el 45% del gasto total del Presupuesto 2025, un 15% superior al de 2023; entonces, claramente hay una responsabilidad social y una sensibilidad del gobierno que se expresa en los n\u00fameros\u201d, agreg\u00f3 el Director de la Anses.<\/p>\n<p>Hay estudios privados que indican que los beneficiarios del haber m\u00ednimo perdieron poder adquisitivo en comparaci\u00f3n al a\u00f1o pasado. El Gobierno tiene otros n\u00fameros: seg\u00fan De los Heros, los jubilados terminar\u00e1n el a\u00f1o con un incremento real de 11% y proyecta para el a\u00f1o pr\u00f3ximo otra suba de 4%<strong>(VW)<\/strong>.<\/p>\n","protected":false},"excerpt":{"rendered":"<p>Desde la ANSES aseguran que en uno de los puntos del Pacto de Mayo firmado por algunos gobernadores el 9 de Julio \u00faltimo est\u00e1 contemplado.<\/p>\n","protected":false},"author":3,"featured_media":7939,"comment_status":"closed","ping_status":"closed","sticky":false,"template":"","format":"standard","meta":{"_monsterinsights_skip_tracking":false,"_monsterinsights_sitenote_active":false,"_monsterinsights_sitenote_note":"","_monsterinsights_sitenote_category":0,"footnotes":""},"categories":[8],"tags":[300,58,1649,569],"class_list":["post-16147","post","type-post","status-publish","format-standard","has-post-thumbnail","hentry","category-interes-general","tag-anses","tag-aumento","tag-edad","tag-jubilados"],"_links":{"self":[{"href":"https:\/\/www.visionweb.com.ar\/index.php?rest_route=\/wp\/v2\/posts\/16147","targetHints":{"allow":["GET"]}}],"collection":[{"href":"https:\/\/www.visionweb.com.ar\/index.php?rest_route=\/wp\/v2\/posts"}],"about":[{"href":"https:\/\/www.visionweb.com.ar\/index.php?rest_route=\/wp\/v2\/types\/post"}],"author":[{"embeddable":true,"href":"https:\/\/www.visionweb.com.ar\/index.php?rest_route=\/wp\/v2\/users\/3"}],"replies":[{"embeddable":true,"href":"https:\/\/www.visionweb.com.ar\/index.php?rest_route=%2Fwp%2Fv2%2Fcomments&post=16147"}],"version-history":[{"count":1,"href":"https:\/\/www.visionweb.com.ar\/index.php?rest_route=\/wp\/v2\/posts\/16147\/revisions"}],"predecessor-version":[{"id":16148,"href":"https:\/\/www.visionweb.com.ar\/index.php?rest_route=\/wp\/v2\/posts\/16147\/revisions\/16148"}],"wp:featuredmedia":[{"embeddable":true,"href":"https:\/\/www.visionweb.com.ar\/index.php?rest_route=\/wp\/v2\/media\/7939"}],"wp:attachment":[{"href":"https:\/\/www.visionweb.com.ar\/index.php?rest_route=%2Fwp%2Fv2%2Fmedia&parent=16147"}],"wp:term":[{"taxonomy":"category","embeddable":true,"href":"https:\/\/www.visionweb.com.ar\/index.php?rest_route=%2Fwp%2Fv2%2Fcategories&post=16147"},{"taxonomy":"post_tag","embeddable":true,"href":"https:\/\/www.visionweb.com.ar\/index.php?rest_route=%2Fwp%2Fv2%2Ftags&post=16147"}],"curies":[{"name":"wp","href":"https:\/\/api.w.org\/{rel}","templated":true}]}}