{"id":16139,"date":"2024-10-17T11:09:01","date_gmt":"2024-10-17T14:09:01","guid":{"rendered":"https:\/\/www.visionweb.com.ar\/?p=16139"},"modified":"2024-10-17T11:09:01","modified_gmt":"2024-10-17T14:09:01","slug":"kicillof-otorgo-un-aumento-salarial-del-8-en-dos-tramos-para-los-empleados-estatales-bonaerenses","status":"publish","type":"post","link":"https:\/\/www.visionweb.com.ar\/?p=16139","title":{"rendered":"Kicillof otorg\u00f3 un aumento salarial del 8% en dos tramos para los empleados estatales bonaerenses"},"content":{"rendered":"<p><strong><em>El incremento es bimestral para estatales, docentes, personal de salud y judiciales, y ser\u00e1 aplicado en dos tramos del 4%. En diciembre se discutir\u00e1 la nueva paritaria.<\/em><\/strong><!--more--><\/p>\n<div id=\"attachment_15769\" style=\"width: 310px\" class=\"wp-caption alignright\"><img loading=\"lazy\" decoding=\"async\" aria-describedby=\"caption-attachment-15769\" class=\"wp-image-15769 size-medium\" src=\"https:\/\/www.visionweb.com.ar\/wp-content\/uploads\/2024\/09\/kicillof-y-sileoni-300x253.png\" alt=\"\" width=\"300\" height=\"253\" srcset=\"https:\/\/www.visionweb.com.ar\/wp-content\/uploads\/2024\/09\/kicillof-y-sileoni-300x253.png 300w, https:\/\/www.visionweb.com.ar\/wp-content\/uploads\/2024\/09\/kicillof-y-sileoni.png 549w\" sizes=\"auto, (max-width: 300px) 100vw, 300px\" \/><p id=\"caption-attachment-15769\" class=\"wp-caption-text\">Foto de archivo<\/p><\/div>\n<p><strong>\u00a0 \u00a0 E<\/strong>l gobernador de la provincia de Buenos Aires, <strong>Axel Kicillof<\/strong>,\u00a0otorg\u00f3 <strong>un aumento salarial del 8% <\/strong>a los trabajadores estatales provinciales, entre los que se encuentran personal de salud, docentes y judiciales, entre otros, que se aplicar\u00e1 en dos tramos: 4% para octubre y 4% para noviembre.<\/p>\n<p>La <strong>Asociaci\u00f3n de Trabajadores del Estado (ATE) acept\u00f3 el aumento<\/strong> e indic\u00f3 que el acumulado alcanza el 95% en lo que va del a\u00f1o, a\u00fan por debajo de la inflaci\u00f3n, lo que sum\u00f3 101,6% entre enero y septiembre. Pero\u00a0<strong>los nuevos incrementos se calcular\u00e1n sobre los haberes percibidos en junio.<\/strong><\/p>\n<p>Esto incluye una cl\u00e1usula de monitoreo en la primera quincena de noviembre y una revisi\u00f3n partiaria para diciembre.<\/p>\n<p>A la vez, el Gobernador acord\u00f3 la <strong>reapertura de la mesa partiaria en diciembre<\/strong> para lograr un nuevo aumento. En la reuni\u00f3n estuvieron presentes gremios ATE, UPCN, SUEBA, entre otros.<\/p>\n<p><strong>La oferta a\u00fan no fue aceptada por los sindicatos, pero en caso de convalidar, los maestros superar\u00e1n los $530 mil en octubre y noviembre. (VW)<\/strong><\/p>\n<p>&nbsp;<\/p>\n","protected":false},"excerpt":{"rendered":"<p>El incremento es bimestral para estatales, docentes, personal de salud y judiciales, y ser\u00e1 aplicado en dos tramos del 4%. En diciembre se discutir\u00e1 la nueva paritaria.<\/p>\n","protected":false},"author":4,"featured_media":15769,"comment_status":"closed","ping_status":"closed","sticky":false,"template":"","format":"standard","meta":{"_monsterinsights_skip_tracking":false,"_monsterinsights_sitenote_active":false,"_monsterinsights_sitenote_note":"","_monsterinsights_sitenote_category":0,"footnotes":""},"categories":[4],"tags":[2719,6840,6841,167],"class_list":["post-16139","post","type-post","status-publish","format-standard","has-post-thumbnail","hentry","category-politica","tag-ate","tag-aumento-a-estatales","tag-diciembre-nueva-paritaria","tag-kicillof"],"_links":{"self":[{"href":"https:\/\/www.visionweb.com.ar\/index.php?rest_route=\/wp\/v2\/posts\/16139","targetHints":{"allow":["GET"]}}],"collection":[{"href":"https:\/\/www.visionweb.com.ar\/index.php?rest_route=\/wp\/v2\/posts"}],"about":[{"href":"https:\/\/www.visionweb.com.ar\/index.php?rest_route=\/wp\/v2\/types\/post"}],"author":[{"embeddable":true,"href":"https:\/\/www.visionweb.com.ar\/index.php?rest_route=\/wp\/v2\/users\/4"}],"replies":[{"embeddable":true,"href":"https:\/\/www.visionweb.com.ar\/index.php?rest_route=%2Fwp%2Fv2%2Fcomments&post=16139"}],"version-history":[{"count":1,"href":"https:\/\/www.visionweb.com.ar\/index.php?rest_route=\/wp\/v2\/posts\/16139\/revisions"}],"predecessor-version":[{"id":16141,"href":"https:\/\/www.visionweb.com.ar\/index.php?rest_route=\/wp\/v2\/posts\/16139\/revisions\/16141"}],"wp:featuredmedia":[{"embeddable":true,"href":"https:\/\/www.visionweb.com.ar\/index.php?rest_route=\/wp\/v2\/media\/15769"}],"wp:attachment":[{"href":"https:\/\/www.visionweb.com.ar\/index.php?rest_route=%2Fwp%2Fv2%2Fmedia&parent=16139"}],"wp:term":[{"taxonomy":"category","embeddable":true,"href":"https:\/\/www.visionweb.com.ar\/index.php?rest_route=%2Fwp%2Fv2%2Fcategories&post=16139"},{"taxonomy":"post_tag","embeddable":true,"href":"https:\/\/www.visionweb.com.ar\/index.php?rest_route=%2Fwp%2Fv2%2Ftags&post=16139"}],"curies":[{"name":"wp","href":"https:\/\/api.w.org\/{rel}","templated":true}]}}