{"id":16135,"date":"2024-10-17T10:54:54","date_gmt":"2024-10-17T13:54:54","guid":{"rendered":"https:\/\/www.visionweb.com.ar\/?p=16135"},"modified":"2024-10-17T10:54:54","modified_gmt":"2024-10-17T13:54:54","slug":"arranca-hoy-otro-paro-universitario-en-todo-el-pais","status":"publish","type":"post","link":"https:\/\/www.visionweb.com.ar\/?p=16135","title":{"rendered":"Arranca hoy otro paro universitario en todo el pa\u00eds"},"content":{"rendered":"<p><em><strong>El Frente Sindical de Universidades Nacionales profundiza el conflicto \u00aben defensa de la universidad p\u00fablica de calidad con salarios dignos\u00bb, con otro paro de 24 horas.<\/strong><\/em><!--more--><\/p>\n<p><strong>\u00a0\u00a0\u00a0 <img loading=\"lazy\" decoding=\"async\" class=\"size-full wp-image-7283 alignright\" src=\"https:\/\/www.visionweb.com.ar\/wp-content\/uploads\/2022\/09\/univ-la-plata.bmp\" alt=\"\" width=\"644\" height=\"423\" \/>\u00a0 E<\/strong>l <strong>Frente Sindical de Universidades Nacionales <\/strong>lleva a cabo otra medida de fuerza\u00a0por 24 horas, tras el aval de la C\u00e1mara de Diputados al veto del Gobierno al proyecto presentado por la UCR y Uni\u00f3n por la Patria.<\/p>\n<p>La jornada es \u201cen defensa de la universidad p\u00fablica de calidad con salarios dignos\u201d. Esta semana arranc\u00f3 con\u00a0<strong>tomas en unas 40 facultades<\/strong>, sigui\u00f3 con marchas en La plata en el d\u00eda de ayer, mientras hoy hay\u00a0<strong>paro de actividades<\/strong>.<\/p>\n<p>El\u00a0<strong>Frente Sindical de Universidades Nacionales<\/strong>\u00a0convoc\u00f3 a la protesta por 24 horas\u00a0y sin concurrencia a los lugares de trabajo: \u201cEl Frente Sindical ha resuelto la profundizaci\u00f3n del plan de lucha con un horizonte de disputa con el Gobierno nacional, que nos ha privado de la herramienta de la Ley de Financiamiento Universitario\u201d, indic\u00f3 el comunicado del gremio.<\/p>\n<p>Los estudiantes de la\u00a0<strong>Universidad de Buenos Aires (UBA)<\/strong>\u00a0hab\u00edan anunciado que seguir\u00e1n en plan de lucha y el martes votaron que las distintas tomas de entre 24 y 72 horas se iban a llevar a cabo en las facultades de Ciencias Exactas, Derecho, Medicina, Facultad de Arquitectura, Dise\u00f1o y Urbanismo (FADU), Ingenier\u00eda, Sociales, Psicolog\u00eda y Filosof\u00eda y Letras de la Casa de Estudios.<\/p>\n<p>Mientras \u00a0el Gobierno Nacional mantiene invariable su postura. Ayer, el ministro de Econom\u00eda\u00a0<strong>Luis Caputo<\/strong>\u00a0dio un duro discurso en tono pol\u00edtico ante empresarios en el 60\u00b0 Coloquio de IDEA en Mar del Plata y apunt\u00f3 contra la oposici\u00f3n al referirse al conflicto en las universidades nacionales.<\/p>\n<p>\u201cQuieren romper el equilibrio fiscal porque es el ancla del orden macro.\u00a0<strong>Y hay que auditarlos porque sabemos que se la afanan<\/strong>. Todo lo que hay en el sector p\u00fablico son cajas, las universidades tambi\u00e9n\u201d, subray\u00f3 el jefe del Palacio de Hacienda. \u201cHay que auditarlos\u201d, agreg\u00f3. <strong>(VW)<\/strong><\/p>\n<p>&nbsp;<\/p>\n","protected":false},"excerpt":{"rendered":"<p>El Frente Sindical de Universidades Nacionales profundiza el conflicto \u00aben defensa de la universidad p\u00fablica de calidad con salarios dignos\u00bb, con otro paro de 24 horas.<\/p>\n","protected":false},"author":4,"featured_media":7283,"comment_status":"closed","ping_status":"closed","sticky":false,"template":"","format":"standard","meta":{"_monsterinsights_skip_tracking":false,"_monsterinsights_sitenote_active":false,"_monsterinsights_sitenote_note":"","_monsterinsights_sitenote_category":0,"footnotes":""},"categories":[4],"tags":[6838,252,405],"class_list":["post-16135","post","type-post","status-publish","format-standard","has-post-thumbnail","hentry","category-politica","tag-frente-sindical-de-universidades-nacionales","tag-paro","tag-universidades"],"_links":{"self":[{"href":"https:\/\/www.visionweb.com.ar\/index.php?rest_route=\/wp\/v2\/posts\/16135","targetHints":{"allow":["GET"]}}],"collection":[{"href":"https:\/\/www.visionweb.com.ar\/index.php?rest_route=\/wp\/v2\/posts"}],"about":[{"href":"https:\/\/www.visionweb.com.ar\/index.php?rest_route=\/wp\/v2\/types\/post"}],"author":[{"embeddable":true,"href":"https:\/\/www.visionweb.com.ar\/index.php?rest_route=\/wp\/v2\/users\/4"}],"replies":[{"embeddable":true,"href":"https:\/\/www.visionweb.com.ar\/index.php?rest_route=%2Fwp%2Fv2%2Fcomments&post=16135"}],"version-history":[{"count":1,"href":"https:\/\/www.visionweb.com.ar\/index.php?rest_route=\/wp\/v2\/posts\/16135\/revisions"}],"predecessor-version":[{"id":16136,"href":"https:\/\/www.visionweb.com.ar\/index.php?rest_route=\/wp\/v2\/posts\/16135\/revisions\/16136"}],"wp:featuredmedia":[{"embeddable":true,"href":"https:\/\/www.visionweb.com.ar\/index.php?rest_route=\/wp\/v2\/media\/7283"}],"wp:attachment":[{"href":"https:\/\/www.visionweb.com.ar\/index.php?rest_route=%2Fwp%2Fv2%2Fmedia&parent=16135"}],"wp:term":[{"taxonomy":"category","embeddable":true,"href":"https:\/\/www.visionweb.com.ar\/index.php?rest_route=%2Fwp%2Fv2%2Fcategories&post=16135"},{"taxonomy":"post_tag","embeddable":true,"href":"https:\/\/www.visionweb.com.ar\/index.php?rest_route=%2Fwp%2Fv2%2Ftags&post=16135"}],"curies":[{"name":"wp","href":"https:\/\/api.w.org\/{rel}","templated":true}]}}