{"id":16131,"date":"2024-10-17T10:32:20","date_gmt":"2024-10-17T13:32:20","guid":{"rendered":"https:\/\/www.visionweb.com.ar\/?p=16131"},"modified":"2024-10-17T10:32:20","modified_gmt":"2024-10-17T13:32:20","slug":"la-provincia-de-buenos-aires-tiene-dos-nuevas-ciudades-en-el-conurbano","status":"publish","type":"post","link":"https:\/\/www.visionweb.com.ar\/?p=16131","title":{"rendered":"La provincia de Buenos Aires tiene dos nuevas ciudades en el conurbano"},"content":{"rendered":"<p><strong><em>Se promulgaron las leyes que reconocen como tales a las localidades de Adolfo Sourdeaux y Tierras Altas.<\/em> <em>Esta acci\u00f3n fomenta la urbanizaci\u00f3n, el desarrollo sostenible y la llegada de obras y servicios, entre otros aspectos.<\/em><\/strong><!--more--><\/p>\n<p><strong>\u00a0\u00a0\u00a0\u00a0 <img loading=\"lazy\" decoding=\"async\" class=\"size-medium wp-image-16132 alignright\" src=\"https:\/\/www.visionweb.com.ar\/wp-content\/uploads\/2024\/10\/tierras-altas-300x194.png\" alt=\"\" width=\"300\" height=\"194\" srcset=\"https:\/\/www.visionweb.com.ar\/wp-content\/uploads\/2024\/10\/tierras-altas-300x194.png 300w, https:\/\/www.visionweb.com.ar\/wp-content\/uploads\/2024\/10\/tierras-altas.png 550w\" sizes=\"auto, (max-width: 300px) 100vw, 300px\" \/>\u00a0\u00a0 E<\/strong>l Gobierno bonaerense promulg\u00f3 ayer en su Bolet\u00edn Oficial las leyes N\u00b0 15.498 y N\u00b0 15.499, sancionadas el pasado septiembre en la Legislatura bonaerense, que reconocen a dos localidades de <strong>Malvinas Argentinas<\/strong> como <strong>ciudades<\/strong>.<\/p>\n<p>La primera de las leyes declara a como ciudad a la localidad de <strong>Adolfo Sourdeaux<\/strong>, mientras que la segunda hace lo mismo con la localidad de <strong>Tierras Altas<\/strong>. Ambas se encuentran en el partido de Malvinas Argentinas.<\/p>\n<p><img loading=\"lazy\" decoding=\"async\" class=\"size-medium wp-image-16133 alignleft\" src=\"https:\/\/www.visionweb.com.ar\/wp-content\/uploads\/2024\/10\/mapa-tierras-altas-malvinas-arg-300x269.png\" alt=\"\" width=\"300\" height=\"269\" srcset=\"https:\/\/www.visionweb.com.ar\/wp-content\/uploads\/2024\/10\/mapa-tierras-altas-malvinas-arg-300x269.png 300w, https:\/\/www.visionweb.com.ar\/wp-content\/uploads\/2024\/10\/mapa-tierras-altas-malvinas-arg.png 477w\" sizes=\"auto, (max-width: 300px) 100vw, 300px\" \/>Seg\u00fan la ley provincial N\u00b0 10.806, \u201cpara ser declarado ciudad, los pueblos o localidades de Partidos integrantes del Conurbano Bonaerense o del Gran\u00a0La Plata, deber\u00e1n contar con una poblaci\u00f3n no inferior a treinta mil (30.000) habitantes, seg\u00fan el \u00faltimo censo oficial realizado\u201d.<\/p>\n<p>En tanto, tambi\u00e9n deber\u00e1n contar un m\u00ednimo equipamiento socio-administrativo como una sucursal bancaria, una comisar\u00eda y establecimientos educativos, entre otros.<\/p>\n<p>Cabe destacar, que<strong> la Honorable C\u00e1mara de Diputados de la Provincia de Buenos Aires aprob\u00f3 en septiembre pasado los proyectos de ley presentados en 2023 por el vicepresidente primero del Senado Bonaerense,\u00a0Luis Vivona, para que las localidades de\u00a0Ing. Adolfo Sourdeaux y Tierras Altas, pasen a ser ciudades de Malvinas Argentinas. (VW)<\/strong><\/p>\n","protected":false},"excerpt":{"rendered":"<p>Se promulgaron las leyes que reconocen como tales a las localidades de Adolfo Sourdeaux y Tierras Altas. Esta acci\u00f3n fomenta la urbanizaci\u00f3n, el desarrollo sostenible y la llegada de obras y servicios, entre otros&#46;&#46;&#46;<\/p>\n","protected":false},"author":4,"featured_media":16132,"comment_status":"closed","ping_status":"closed","sticky":false,"template":"","format":"standard","meta":{"_monsterinsights_skip_tracking":false,"_monsterinsights_sitenote_active":false,"_monsterinsights_sitenote_note":"","_monsterinsights_sitenote_category":0,"footnotes":""},"categories":[4],"tags":[6835,6837,6834,6836],"class_list":["post-16131","post","type-post","status-publish","format-standard","has-post-thumbnail","hentry","category-politica","tag-adolfo-sourdeaux","tag-luis-vivona","tag-provincia-tiene-dos-nuevas-ciudades","tag-tierras-altas"],"_links":{"self":[{"href":"https:\/\/www.visionweb.com.ar\/index.php?rest_route=\/wp\/v2\/posts\/16131","targetHints":{"allow":["GET"]}}],"collection":[{"href":"https:\/\/www.visionweb.com.ar\/index.php?rest_route=\/wp\/v2\/posts"}],"about":[{"href":"https:\/\/www.visionweb.com.ar\/index.php?rest_route=\/wp\/v2\/types\/post"}],"author":[{"embeddable":true,"href":"https:\/\/www.visionweb.com.ar\/index.php?rest_route=\/wp\/v2\/users\/4"}],"replies":[{"embeddable":true,"href":"https:\/\/www.visionweb.com.ar\/index.php?rest_route=%2Fwp%2Fv2%2Fcomments&post=16131"}],"version-history":[{"count":1,"href":"https:\/\/www.visionweb.com.ar\/index.php?rest_route=\/wp\/v2\/posts\/16131\/revisions"}],"predecessor-version":[{"id":16134,"href":"https:\/\/www.visionweb.com.ar\/index.php?rest_route=\/wp\/v2\/posts\/16131\/revisions\/16134"}],"wp:featuredmedia":[{"embeddable":true,"href":"https:\/\/www.visionweb.com.ar\/index.php?rest_route=\/wp\/v2\/media\/16132"}],"wp:attachment":[{"href":"https:\/\/www.visionweb.com.ar\/index.php?rest_route=%2Fwp%2Fv2%2Fmedia&parent=16131"}],"wp:term":[{"taxonomy":"category","embeddable":true,"href":"https:\/\/www.visionweb.com.ar\/index.php?rest_route=%2Fwp%2Fv2%2Fcategories&post=16131"},{"taxonomy":"post_tag","embeddable":true,"href":"https:\/\/www.visionweb.com.ar\/index.php?rest_route=%2Fwp%2Fv2%2Ftags&post=16131"}],"curies":[{"name":"wp","href":"https:\/\/api.w.org\/{rel}","templated":true}]}}