{"id":16124,"date":"2024-10-16T14:45:56","date_gmt":"2024-10-16T17:45:56","guid":{"rendered":"https:\/\/www.visionweb.com.ar\/?p=16124"},"modified":"2024-10-16T14:47:02","modified_gmt":"2024-10-16T17:47:02","slug":"lanus-gobierno-habra-aumento-salarial-para-los-trabajadores-de-las-escuelas-municipales-de-artes","status":"publish","type":"post","link":"https:\/\/www.visionweb.com.ar\/?p=16124","title":{"rendered":"Lan\u00fas Gobierno: Habr\u00e1 aumento salarial para los trabajadores de las Escuelas Municipales de Artes"},"content":{"rendered":"<p><em><strong>Ser\u00e1 en promedio del 45% y alcanzar\u00e1 a directivos, profesores, secretarios y auxiliares. El Municipio cuenta con Escuelas de Danza, Idiomas, M\u00fasica y Teatro, gratuitas y para todos los grupos etarios.<\/strong><\/em><!--more--><\/p>\n<div id=\"attachment_16125\" style=\"width: 310px\" class=\"wp-caption alignright\"><img loading=\"lazy\" decoding=\"async\" aria-describedby=\"caption-attachment-16125\" class=\"wp-image-16125 size-medium\" src=\"https:\/\/www.visionweb.com.ar\/wp-content\/uploads\/2024\/10\/escuela-arte-lanus-300x116.png\" alt=\"\" width=\"300\" height=\"116\" srcset=\"https:\/\/www.visionweb.com.ar\/wp-content\/uploads\/2024\/10\/escuela-arte-lanus-300x116.png 300w, https:\/\/www.visionweb.com.ar\/wp-content\/uploads\/2024\/10\/escuela-arte-lanus-768x296.png 768w, https:\/\/www.visionweb.com.ar\/wp-content\/uploads\/2024\/10\/escuela-arte-lanus.png 776w\" sizes=\"auto, (max-width: 300px) 100vw, 300px\" \/><p id=\"caption-attachment-16125\" class=\"wp-caption-text\">El intendente Juli\u00e1n \u00c1lvarez en la recorrida por la Escuela de Artes, junto a directivos, docentes y auxiliares.<\/p><\/div>\n<p><strong> \u00a0\u00a0 E<\/strong>l<strong> intendente de Lan\u00fas, Juli\u00e1n \u00c1lvarez,\u00a0<\/strong>anunci\u00f3, en el marco de una recorrida realizada el pasado lunes en la\u00a0<strong>Escuela Municipal de Artes Pl\u00e1sticas <\/strong>de Remedios de Escalada,\u00a0un <strong>aumento salarial para trabajadores de la educaci\u00f3n<\/strong> que forman parte de Establecimientos Municipales Terciarios Oficiales y no Subvencionados.<\/p>\n<p>En ese contexto, el intendente \u00c1lvarez interactu\u00f3 y convers\u00f3 con los trabajadores de la Escuela, donde destac\u00f3 la importancia y la idoneidad profesional de sus funciones.<\/p>\n<p>\u00abEsta es la primera etapa que viene a resolver las demandas hist\u00f3ricas de nuestras escuelas municipales\u00bb, destac\u00f3 \u00c1lvarez.<\/p>\n<p>Las <strong>mejoras salariales<\/strong> alcanzar\u00e1n a diferentes rangos jer\u00e1rquicos de la administraci\u00f3n p\u00fablica y rondar\u00e1n en un <strong>45 % en promedio<\/strong>, e incluye a directores, profesores, bibliotecarios, secretarios, preceptores y auxiliares.<\/p>\n<p>Participaron de la jornada, adem\u00e1s del intendente, <strong>el secretario de Cultura y Deportes Alejo Di Carlo, el subsecretario de Cultura Mat\u00edas Murabito<\/strong>, <strong>el Director General de Escuelas de Arte Andr\u00e9s Caputo<\/strong>, y la <strong>Directora de Escuela de Artes Romina Su\u00e1rez<\/strong>, entre otras autoridades municipales.<\/p>\n<p>En ese sentido, el director Andr\u00e9s Caputo, escribi\u00f3 en redes: \u201c<strong>D\u00eda hist\u00f3rico para nuestras escuelas de Arte e Idiomas<\/strong>, orgulloso de formar parte de esta gesti\u00f3n, orgulloso de pertenecer a la Subsecretar\u00eda de Cultura de Lan\u00fas\u201d.<\/p>\n<p>Y agreg\u00f3: \u201cDesde ayer <strong>los trabajadores y trabajadoras de educaci\u00f3n municipal nivel superior son reconocidos como tales<\/strong> (Director\/a, Secretario\/a, Preceptor\/a, Profesor\/a, Bibliotecario\/a), atr\u00e1s quedaron categor\u00edas que no reflejaban su labor\u201d.<\/p>\n<p>\u201cEl Intendente Juli\u00e1n \u00c1lvarez anunci\u00f3 la <strong>recategorizaci\u00f3n y pase a planta de m\u00e1s de 112 docentes y personal jer\u00e1rquico<\/strong>, tambi\u00e9n se anunci\u00f3 la <strong>estabilidad laboral y la recomposici\u00f3n salarial<\/strong>\u201d, concluy\u00f3 Caputo.<\/p>\n<p>Cabe recordar que en septiembre pasado, la sede de Remedios de Escalada celebr\u00f3 la Semana de las Artes con m\u00e1s de 20 propuestas gratuitas que contemplaron seminarios, talleres, masterclass y actividades pl\u00e1sticas infantiles.\u00a0<strong>(VW)<\/strong><\/p>\n","protected":false},"excerpt":{"rendered":"<p>Ser\u00e1 en promedio del 45% y alcanzar\u00e1 a directivos, profesores, secretarios y auxiliares. El Municipio cuenta con Escuelas de Danza, Idiomas, M\u00fasica y Teatro, gratuitas y para todos los grupos etarios.<\/p>\n","protected":false},"author":4,"featured_media":16125,"comment_status":"closed","ping_status":"closed","sticky":false,"template":"","format":"standard","meta":{"_monsterinsights_skip_tracking":false,"_monsterinsights_sitenote_active":false,"_monsterinsights_sitenote_note":"","_monsterinsights_sitenote_category":0,"footnotes":""},"categories":[8],"tags":[1952,6833,5342,4010],"class_list":["post-16124","post","type-post","status-publish","format-standard","has-post-thumbnail","hentry","category-interes-general","tag-aumento-salarial","tag-escuela-de-artes-de-lanus","tag-julian-alvarez","tag-lanus-cultura"],"_links":{"self":[{"href":"https:\/\/www.visionweb.com.ar\/index.php?rest_route=\/wp\/v2\/posts\/16124","targetHints":{"allow":["GET"]}}],"collection":[{"href":"https:\/\/www.visionweb.com.ar\/index.php?rest_route=\/wp\/v2\/posts"}],"about":[{"href":"https:\/\/www.visionweb.com.ar\/index.php?rest_route=\/wp\/v2\/types\/post"}],"author":[{"embeddable":true,"href":"https:\/\/www.visionweb.com.ar\/index.php?rest_route=\/wp\/v2\/users\/4"}],"replies":[{"embeddable":true,"href":"https:\/\/www.visionweb.com.ar\/index.php?rest_route=%2Fwp%2Fv2%2Fcomments&post=16124"}],"version-history":[{"count":2,"href":"https:\/\/www.visionweb.com.ar\/index.php?rest_route=\/wp\/v2\/posts\/16124\/revisions"}],"predecessor-version":[{"id":16127,"href":"https:\/\/www.visionweb.com.ar\/index.php?rest_route=\/wp\/v2\/posts\/16124\/revisions\/16127"}],"wp:featuredmedia":[{"embeddable":true,"href":"https:\/\/www.visionweb.com.ar\/index.php?rest_route=\/wp\/v2\/media\/16125"}],"wp:attachment":[{"href":"https:\/\/www.visionweb.com.ar\/index.php?rest_route=%2Fwp%2Fv2%2Fmedia&parent=16124"}],"wp:term":[{"taxonomy":"category","embeddable":true,"href":"https:\/\/www.visionweb.com.ar\/index.php?rest_route=%2Fwp%2Fv2%2Fcategories&post=16124"},{"taxonomy":"post_tag","embeddable":true,"href":"https:\/\/www.visionweb.com.ar\/index.php?rest_route=%2Fwp%2Fv2%2Ftags&post=16124"}],"curies":[{"name":"wp","href":"https:\/\/api.w.org\/{rel}","templated":true}]}}