{"id":16120,"date":"2024-10-16T13:30:30","date_gmt":"2024-10-16T16:30:30","guid":{"rendered":"https:\/\/www.visionweb.com.ar\/?p=16120"},"modified":"2024-10-16T13:30:30","modified_gmt":"2024-10-16T16:30:30","slug":"el-gobierno-ratifico-la-eliminacion-de-la-moratoria-previsional","status":"publish","type":"post","link":"https:\/\/www.visionweb.com.ar\/?p=16120","title":{"rendered":"El Gobierno ratific\u00f3 la eliminaci\u00f3n de la moratoria previsional"},"content":{"rendered":"<p><em><strong>Vence en marzo de 2025. El director ejecutivo de la ANSES confirm\u00f3 que el Gobierno no renovar\u00e1 el programa para que puedan acceder a la jubilaci\u00f3n aquellos que no tienen los 30 a\u00f1os de aportes. \u00abLa moratoria finaliza el 23 de marzo del a\u00f1o pr\u00f3ximo y no est\u00e1 previsto en el presupuesto\u00bb, inform\u00f3 el titular.<\/strong><\/em><!--more--><\/p>\n<p><strong>\u00a0 <img loading=\"lazy\" decoding=\"async\" class=\"size-medium wp-image-12327 alignright\" src=\"https:\/\/www.visionweb.com.ar\/wp-content\/uploads\/2023\/10\/jubilados-300x174.png\" alt=\"\" width=\"300\" height=\"174\" srcset=\"https:\/\/www.visionweb.com.ar\/wp-content\/uploads\/2023\/10\/jubilados-300x174.png 300w, https:\/\/www.visionweb.com.ar\/wp-content\/uploads\/2023\/10\/jubilados.png 576w\" sizes=\"auto, (max-width: 300px) 100vw, 300px\" \/>\u00a0\u00a0 E<\/strong>l director ejecutivo de la\u00a0<strong>Anses<\/strong>,\u00a0<strong>Mariano de los Heros<\/strong>,\u00a0<strong>ratific\u00f3 en la C\u00e1mara de Diputados la eliminaci\u00f3n de la moratoria previsional en 2025<\/strong>: <strong>\u201cLa moratoria finaliza el 23 de marzo del a\u00f1o pr\u00f3ximo y no est\u00e1 previsto en el presupuesto<\/strong>\u201d, dijo.<\/p>\n<p>A la vez agreg\u00f3 que \u201cla situaci\u00f3n de la poblaci\u00f3n vulnerable que no puede jubilarse queda cubierta por la PUAM (que representa el 80% de la jubilaci\u00f3n m\u00ednima).<\/p>\n<p>Se trata de la\u00a0<strong>ley 27.705<\/strong>\u00a0sancionada en febrero de 2023, durante el mandato de\u00a0<strong>Alberto Fern\u00e1ndez<\/strong>\u00a0y con vigencia hasta marzo pr\u00f3ximo.<\/p>\n<p>En una exposici\u00f3n ante\u00a0<strong>la comisi\u00f3n de Presupuesto y Hacienda de la C\u00e1mara baja<\/strong>, De los Heros asegur\u00f3 que\u00a0<strong>el Poder Ejecutivo no tiene previsto extender ese programa, que permite acceder a la jubilaci\u00f3n a aquellos que no tienen los 30 a\u00f1os de aportes<\/strong>.<\/p>\n<p>Ante una consulta al respecto de la diputada de Uni\u00f3n por la Patria\u00a0<strong>Julia Strada<\/strong>, el funcionario respondi\u00f3 que \u201c<strong>la moratoria finaliza el 23 de marzo del a\u00f1o pr\u00f3ximo y no est\u00e1 prevista en el Presupuesto<\/strong>, ya que no est\u00e1 contemplado ni ese gasto ni ingreso, con lo cual\u00a0<strong>estimamos que no es voluntad del Gobierno su pr\u00f3rroga<\/strong>\u201d.<\/p>\n<p>Qu\u00e9 dice la ley<\/p>\n<p>En su momento, al tratarse la\u00a0<strong>Ley de Bases<\/strong>\u00a0y a pedido de algunos bloques dialoguistas\u00a0<strong>se elimin\u00f3 el art\u00edculo que derogaba la moratoria previsional<\/strong>\u00a0y se establec\u00eda una renta proporcional de acuerdo con la cantidad de aportes que hab\u00edan acumulado en su vida laboral.<\/p>\n<p>En tanto, la ley de moratoria sancionada el 28 de febrero de 2023 permite comprar aportes a hombres y mujeres que no alcanzaron los 30 a\u00f1os de trabajo registrado, que es el m\u00ednimo que se requiere para acceder al beneficio previsional.<\/p>\n<p>La vigencia de la iniciativa concluye el 23 de marzo y se hab\u00eda previsto que pudieran jubilarse alrededor de 800 mil ciudadanos entre hombres y mujeres, que ya tengan la edad para acceder al beneficio, que le falten diez a\u00f1os para jubilarse y que tengan una cantidad de aportes verificables hasta el a\u00f1o 2008.<\/p>\n<p>Este plan permite a las mujeres con 60 o m\u00e1s a\u00f1os, y 65 a\u00f1os en el caso de los hombres, acceder a la regularizaci\u00f3n en 120 cuotas para completar los aportes necesarios para llegar a ese m\u00ednimo de 30.<\/p>\n<p>Tambi\u00e9n establece que los trabajadores de 50 a\u00f1os que tengan menos de 20 a\u00f1os de aportes realicen pagos extra para llegar a la edad jubilatoria sin deudas previsionales. <strong>(VW)<\/strong><\/p>\n<p>&nbsp;<\/p>\n","protected":false},"excerpt":{"rendered":"<p>Vence en marzo de 2025. El director ejecutivo de la ANSES confirm\u00f3 que el Gobierno no renovar\u00e1 el programa para que puedan acceder a la jubilaci\u00f3n aquellos que no tienen los 30 a\u00f1os de&#46;&#46;&#46;<\/p>\n","protected":false},"author":4,"featured_media":12327,"comment_status":"closed","ping_status":"closed","sticky":false,"template":"","format":"standard","meta":{"_monsterinsights_skip_tracking":false,"_monsterinsights_sitenote_active":false,"_monsterinsights_sitenote_note":"","_monsterinsights_sitenote_category":0,"footnotes":""},"categories":[4,5],"tags":[300,6829,2094],"class_list":["post-16120","post","type-post","status-publish","format-standard","has-post-thumbnail","hentry","category-politica","category-sociedad","tag-anses","tag-eliminacion-de-moratoria-jubilatoria","tag-puam"],"_links":{"self":[{"href":"https:\/\/www.visionweb.com.ar\/index.php?rest_route=\/wp\/v2\/posts\/16120","targetHints":{"allow":["GET"]}}],"collection":[{"href":"https:\/\/www.visionweb.com.ar\/index.php?rest_route=\/wp\/v2\/posts"}],"about":[{"href":"https:\/\/www.visionweb.com.ar\/index.php?rest_route=\/wp\/v2\/types\/post"}],"author":[{"embeddable":true,"href":"https:\/\/www.visionweb.com.ar\/index.php?rest_route=\/wp\/v2\/users\/4"}],"replies":[{"embeddable":true,"href":"https:\/\/www.visionweb.com.ar\/index.php?rest_route=%2Fwp%2Fv2%2Fcomments&post=16120"}],"version-history":[{"count":1,"href":"https:\/\/www.visionweb.com.ar\/index.php?rest_route=\/wp\/v2\/posts\/16120\/revisions"}],"predecessor-version":[{"id":16121,"href":"https:\/\/www.visionweb.com.ar\/index.php?rest_route=\/wp\/v2\/posts\/16120\/revisions\/16121"}],"wp:featuredmedia":[{"embeddable":true,"href":"https:\/\/www.visionweb.com.ar\/index.php?rest_route=\/wp\/v2\/media\/12327"}],"wp:attachment":[{"href":"https:\/\/www.visionweb.com.ar\/index.php?rest_route=%2Fwp%2Fv2%2Fmedia&parent=16120"}],"wp:term":[{"taxonomy":"category","embeddable":true,"href":"https:\/\/www.visionweb.com.ar\/index.php?rest_route=%2Fwp%2Fv2%2Fcategories&post=16120"},{"taxonomy":"post_tag","embeddable":true,"href":"https:\/\/www.visionweb.com.ar\/index.php?rest_route=%2Fwp%2Fv2%2Ftags&post=16120"}],"curies":[{"name":"wp","href":"https:\/\/api.w.org\/{rel}","templated":true}]}}