{"id":16115,"date":"2024-10-15T18:16:50","date_gmt":"2024-10-15T21:16:50","guid":{"rendered":"https:\/\/www.visionweb.com.ar\/?p=16115"},"modified":"2024-10-15T18:16:50","modified_gmt":"2024-10-15T21:16:50","slug":"el-gobierno-postergo-una-audiencia-publica-para-la-actualizacion-de-tarifas-de-luz","status":"publish","type":"post","link":"https:\/\/www.visionweb.com.ar\/?p=16115","title":{"rendered":"El Gobierno posterg\u00f3 una audiencia p\u00fablica para la actualizaci\u00f3n de tarifas de luz"},"content":{"rendered":"<p><em><strong>Se suspendi\u00f3 la convocatoria a audiencia p\u00fablica\u00a0que hab\u00eda sido convocada a comienzos del mes para fijar nuevos valores en las tarifas de transporte de energ\u00eda.<\/strong><\/em><!--more--><\/p>\n<p><strong>\u00a0\u00a0\u00a0 <img loading=\"lazy\" decoding=\"async\" class=\"size-full wp-image-5774 alignright\" src=\"https:\/\/www.visionweb.com.ar\/wp-content\/uploads\/2022\/05\/Dibujo-impuestos.bmp\" alt=\"\" width=\"516\" height=\"413\" \/>\u00a0 \u00a0 E<\/strong>l <strong>Gobierno\u00a0suspendi\u00f3 la convocatoria a audiencia p\u00fablica\u00a0<\/strong>para fijar<strong> nuevos valores en las tarifas\u00a0de transporte de energ\u00eda<\/strong>\u00a0que tienen incidencia en el costo final de las facturas de electricidad.<\/p>\n<p>La decisi\u00f3n se dio a conocer este martes mediante la\u00a0<a href=\"https:\/\/www.boletinoficial.gob.ar\/detalleAviso\/primera\/315535\/20241015\">Resoluci\u00f3n 743\/2024<\/a>\u00a0publicada este martes en el Bolet\u00edn Oficial por el Ente Nacional Regulador de la Electricidad (ENRE).<\/p>\n<p>Esto se da en medio de la presi\u00f3n de la oposici\u00f3n para convocar a un apag\u00f3n nacional con el objetivo oficial de no frenar la desaceleraci\u00f3n inflacionaria.<\/p>\n<p>En esa audiencia p\u00fablica,\u00a0<strong>se iba a discutir el precio del transporte de la energ\u00eda el\u00e9ctrica, que representa el 1,5% del precio final<\/strong>, para implementar a partir de enero de 2025. Se trata de uno de los cuatro componentes que integran la factura final pagada por los usuarios de luz.<\/p>\n<p>En la Resoluci\u00f3n aseguraron que \u201cresulta razonable y prudente\u201d postergar la audiencia a pesar de que es \u201cimperioso corregir los precios relativos de la econom\u00eda\u201d.<\/p>\n<p>Seg\u00fan argumentaron, la decisi\u00f3n est\u00e1 basada en \u201cla positiva reacci\u00f3n de la econom\u00eda a las acciones implementadas por el Ministerio de Econom\u00eda y la notoria desaceleraci\u00f3n inflacionaria\u201d.<\/p>\n<p>De acuerdo al detalle, esta audiencia p\u00fablica se iba a celebrar el 5 de noviembre y fue anunciada el 2 de octubre pasado.<\/p>\n<p>El ENRE tambi\u00e9n justifica que esta disposici\u00f3n se realiza en el marco de la vigente emergencia del Sector Energ\u00e9tico Nacional declara el 31 de diciembre de 2024, la emergencia p\u00fablica declarada en la ley Bases y considerando \u201cla situaci\u00f3n econ\u00f3mica recibida el 10 de diciembre de 2023\u201d, el Ministerio de Econom\u00eda \u201cestim\u00f3 imperioso corregir los precios relativos de la econom\u00eda, entre los cuales se encuentran los precios y tarifas concernientes a los sectores de gas natural y energ\u00eda el\u00e9ctrica\u201d. <strong>(VW)<\/strong><\/p>\n","protected":false},"excerpt":{"rendered":"<p>Se suspendi\u00f3 la convocatoria a audiencia p\u00fablica\u00a0que hab\u00eda sido convocada a comienzos del mes para fijar nuevos valores en las tarifas de transporte de energ\u00eda.<\/p>\n","protected":false},"author":4,"featured_media":5774,"comment_status":"closed","ping_status":"closed","sticky":false,"template":"","format":"standard","meta":{"_monsterinsights_skip_tracking":false,"_monsterinsights_sitenote_active":false,"_monsterinsights_sitenote_note":"","_monsterinsights_sitenote_category":0,"footnotes":""},"categories":[6,4],"tags":[2433,952,6823,6824],"class_list":["post-16115","post","type-post","status-publish","format-standard","has-post-thumbnail","hentry","category-economia","category-politica","tag-audiencia-publica","tag-enre","tag-suspendida","tag-tarifas-de-energia"],"_links":{"self":[{"href":"https:\/\/www.visionweb.com.ar\/index.php?rest_route=\/wp\/v2\/posts\/16115","targetHints":{"allow":["GET"]}}],"collection":[{"href":"https:\/\/www.visionweb.com.ar\/index.php?rest_route=\/wp\/v2\/posts"}],"about":[{"href":"https:\/\/www.visionweb.com.ar\/index.php?rest_route=\/wp\/v2\/types\/post"}],"author":[{"embeddable":true,"href":"https:\/\/www.visionweb.com.ar\/index.php?rest_route=\/wp\/v2\/users\/4"}],"replies":[{"embeddable":true,"href":"https:\/\/www.visionweb.com.ar\/index.php?rest_route=%2Fwp%2Fv2%2Fcomments&post=16115"}],"version-history":[{"count":1,"href":"https:\/\/www.visionweb.com.ar\/index.php?rest_route=\/wp\/v2\/posts\/16115\/revisions"}],"predecessor-version":[{"id":16116,"href":"https:\/\/www.visionweb.com.ar\/index.php?rest_route=\/wp\/v2\/posts\/16115\/revisions\/16116"}],"wp:featuredmedia":[{"embeddable":true,"href":"https:\/\/www.visionweb.com.ar\/index.php?rest_route=\/wp\/v2\/media\/5774"}],"wp:attachment":[{"href":"https:\/\/www.visionweb.com.ar\/index.php?rest_route=%2Fwp%2Fv2%2Fmedia&parent=16115"}],"wp:term":[{"taxonomy":"category","embeddable":true,"href":"https:\/\/www.visionweb.com.ar\/index.php?rest_route=%2Fwp%2Fv2%2Fcategories&post=16115"},{"taxonomy":"post_tag","embeddable":true,"href":"https:\/\/www.visionweb.com.ar\/index.php?rest_route=%2Fwp%2Fv2%2Ftags&post=16115"}],"curies":[{"name":"wp","href":"https:\/\/api.w.org\/{rel}","templated":true}]}}