{"id":16113,"date":"2024-10-15T11:03:48","date_gmt":"2024-10-15T14:03:48","guid":{"rendered":"https:\/\/www.visionweb.com.ar\/?p=16113"},"modified":"2024-10-15T11:03:48","modified_gmt":"2024-10-15T14:03:48","slug":"aumenta-la-temperatura-en-la-interna-del-pj","status":"publish","type":"post","link":"https:\/\/www.visionweb.com.ar\/?p=16113","title":{"rendered":"Aumenta la temperatura en la interna del PJ"},"content":{"rendered":"<p><em><strong>El intendente de Esteban Echeverr\u00eda pide que Cristina Fern\u00e1ndez se baje de la candidatura a la presidencia del PJ nacional.<\/strong><\/em>\u00a0 <!--more--><\/p>\n<p><img loading=\"lazy\" decoding=\"async\" class=\"size-medium wp-image-7767 alignright\" src=\"https:\/\/www.visionweb.com.ar\/wp-content\/uploads\/2022\/10\/fernando-gray-UCLG-300x249.jpg\" alt=\"\" width=\"300\" height=\"249\" srcset=\"https:\/\/www.visionweb.com.ar\/wp-content\/uploads\/2022\/10\/fernando-gray-UCLG-300x249.jpg 300w, https:\/\/www.visionweb.com.ar\/wp-content\/uploads\/2022\/10\/fernando-gray-UCLG.bmp 582w\" sizes=\"auto, (max-width: 300px) 100vw, 300px\" \/>Mientras la CGT trabaja para meterse en la interna del PJ y renovar su conducci\u00f3n, con un fuerte respaldo a la candidatura de Axel Kicllof, el intendente de Esteban Ecehverr\u00eda, Fernado Gray, pidi\u00f3 postergar las elecciones del partido \u201chasta que las condiciones sociales sean m\u00e1s apropiadas\u201d y que la ex presidenta se baje de su candidatura.<\/p>\n<p><strong>\u201cSolicito la postergaci\u00f3n de las internas partidarias<\/strong>\u00a0hasta que las condiciones sociales sean m\u00e1s apropiadas y se adecuen los mecanismos partidarios para una verdadera participaci\u00f3n plural, transparente e inclusiva\u201d,\u00a0<strong>enfatiz\u00f3 Gray<\/strong>\u00a0a trav\u00e9s de un comunicado del PJ de Esteban Echeverr\u00eda.<\/p>\n<p>Gray fue\u00a0 uno de los referentes del pejotismo que cuestion\u00f3 la elecci\u00f3n de M\u00e1ximo Kirchner a la presidencia del PJ bonaerense que se hab\u00eda realizado en forma virtual durante la pandemia, sistuaci\u00f2n que despert\u00f3 el malestar del diputado nacional Kirchner.<\/p>\n<p>En ese contexto, el jefe comunal, realiz\u00f3 \u201cuna petici\u00f3n\u201d a Cristina Fern\u00e1ndez de Kirchner, para que baje su candidatura, que el lunes oficializ\u00f3 junto a una foto con el intendente de Merlo, Gustavo Men\u00e9ndez, y el exministro An\u00edbal Fern\u00e1ndez, en el Instituto Patria.<\/p>\n<p>\u201cEn esta ocasi\u00f3n, le pido que tenga un gesto de generosidad y permita que el peronismo se renueve totalmente, atendiendo a los nuevos colectivos y las demandas sociales. Necesitamos una renovaci\u00f3n total\u201d, escribi\u00f3 Gray.<\/p>\n<p>\u201cFrente a la gravedad de los problemas, nuestra sociedad no tolerar\u00e1 ning\u00fan tipo de cuesti\u00f3n que se aparte de esa atenci\u00f3n de sus necesidades apremiantes. Cualquier atisbo de<strong>\u00a0discusi\u00f3n \u2018interna\u2019\u00a0<\/strong>o \u2018partidaria\u2019 puede ser\u00a0<strong>interpretada como una enorme falta de sensibilidad social<\/strong>\u201c, advirti\u00f3.<\/p>\n<p>Asimismo, el jefe comunal opin\u00f3 que \u201cla convocatoria a\u00a0<strong>elecciones internas<\/strong>\u00a0del Partido Justicialista Nacional\u00a0<strong>debe darse con mecanismos amplios de participaci\u00f3n partidaria<\/strong>\u00a0para que todos los sectores tengan la oportunidad de debatir y participar en el \u00e1mbito correspondiente\u201d.<\/p>\n<p>\u201cNo es ninguna novedad: el\u00a0<strong>peronismo se encuentra fragmentado y disperso<\/strong>, y una elecci\u00f3n interna debe garantizar amplios canales de participaci\u00f3n de esa dispersi\u00f3n\u201d, subray\u00f3 Gray, quien en reiteradas oportunidades expres\u00f3 cr\u00edticas a La C\u00e1mpora y a M\u00e1ximo Kirchner<strong>(VW)<\/strong>.<\/p>\n<p>&nbsp;<\/p>\n","protected":false},"excerpt":{"rendered":"<p>El intendente de Esteban Echeverr\u00eda pide que Cristina Fern\u00e1ndez se baje de la candidatura a la presidencia del PJ nacional.\u00a0<\/p>\n","protected":false},"author":3,"featured_media":7767,"comment_status":"closed","ping_status":"closed","sticky":false,"template":"","format":"standard","meta":{"_monsterinsights_skip_tracking":false,"_monsterinsights_sitenote_active":false,"_monsterinsights_sitenote_note":"","_monsterinsights_sitenote_category":0,"footnotes":""},"categories":[4],"tags":[340,5279,2114,490],"class_list":["post-16113","post","type-post","status-publish","format-standard","has-post-thumbnail","hentry","category-politica","tag-elecciones","tag-gray","tag-interna","tag-pj"],"_links":{"self":[{"href":"https:\/\/www.visionweb.com.ar\/index.php?rest_route=\/wp\/v2\/posts\/16113","targetHints":{"allow":["GET"]}}],"collection":[{"href":"https:\/\/www.visionweb.com.ar\/index.php?rest_route=\/wp\/v2\/posts"}],"about":[{"href":"https:\/\/www.visionweb.com.ar\/index.php?rest_route=\/wp\/v2\/types\/post"}],"author":[{"embeddable":true,"href":"https:\/\/www.visionweb.com.ar\/index.php?rest_route=\/wp\/v2\/users\/3"}],"replies":[{"embeddable":true,"href":"https:\/\/www.visionweb.com.ar\/index.php?rest_route=%2Fwp%2Fv2%2Fcomments&post=16113"}],"version-history":[{"count":1,"href":"https:\/\/www.visionweb.com.ar\/index.php?rest_route=\/wp\/v2\/posts\/16113\/revisions"}],"predecessor-version":[{"id":16114,"href":"https:\/\/www.visionweb.com.ar\/index.php?rest_route=\/wp\/v2\/posts\/16113\/revisions\/16114"}],"wp:featuredmedia":[{"embeddable":true,"href":"https:\/\/www.visionweb.com.ar\/index.php?rest_route=\/wp\/v2\/media\/7767"}],"wp:attachment":[{"href":"https:\/\/www.visionweb.com.ar\/index.php?rest_route=%2Fwp%2Fv2%2Fmedia&parent=16113"}],"wp:term":[{"taxonomy":"category","embeddable":true,"href":"https:\/\/www.visionweb.com.ar\/index.php?rest_route=%2Fwp%2Fv2%2Fcategories&post=16113"},{"taxonomy":"post_tag","embeddable":true,"href":"https:\/\/www.visionweb.com.ar\/index.php?rest_route=%2Fwp%2Fv2%2Ftags&post=16113"}],"curies":[{"name":"wp","href":"https:\/\/api.w.org\/{rel}","templated":true}]}}