{"id":16109,"date":"2024-10-15T08:17:25","date_gmt":"2024-10-15T11:17:25","guid":{"rendered":"https:\/\/www.visionweb.com.ar\/?p=16109"},"modified":"2024-10-15T08:17:25","modified_gmt":"2024-10-15T11:17:25","slug":"crece-el-malestar-de-los-vecinos-por-los-apagones-de-edesur","status":"publish","type":"post","link":"https:\/\/www.visionweb.com.ar\/?p=16109","title":{"rendered":"Crece el malestar de los vecinos por los apagones de Edesur"},"content":{"rendered":"<p><em><strong>El gremio de Luz y Fuera denuncia la falta de inversiones por parte de la empresa que atiende la demanda el\u00e9ctrica en el sur del Gran Buenos Aires y la Ciudad.<\/strong><\/em> <!--more--><\/p>\n<p><img loading=\"lazy\" decoding=\"async\" class=\"size-medium wp-image-4785 alignright\" src=\"https:\/\/www.visionweb.com.ar\/wp-content\/uploads\/2022\/03\/ENERGIA-300x167.png\" alt=\"\" width=\"300\" height=\"167\" srcset=\"https:\/\/www.visionweb.com.ar\/wp-content\/uploads\/2022\/03\/ENERGIA-300x167.png 300w, https:\/\/www.visionweb.com.ar\/wp-content\/uploads\/2022\/03\/ENERGIA-768x428.png 768w, https:\/\/www.visionweb.com.ar\/wp-content\/uploads\/2022\/03\/ENERGIA.png 800w\" sizes=\"auto, (max-width: 300px) 100vw, 300px\" \/>Desde hace varios d\u00edas Edesur sufri\u00f3 un apag\u00f3n que afect\u00f3 a unos 500.000 usuarios y hasta el momento, la distribuidora el\u00e9ctrica no brind\u00f3 explicaciones claras de las causas del masivo corte, a lo que se deben sumar cortes peri\u00f3dicos en las \u00faltimas horas.<\/p>\n<p>Este estado de cosas motiv\u00f3 que las alarmas se enciendan, ya que <strong>se acerca el verano y se espera que estas fallas comiencen a aparecer m\u00e1s seguido<\/strong>, debido a que la empresa no logra garantizar la mejora del servicio.<\/p>\n<p>Adem\u00e1s,\u00a0<strong>el gremio que rodea a los trabajadores comenz\u00f3 a denunciar la falta de inversi\u00f3n\u00a0<\/strong>por parte de la compa\u00f1\u00eda que tiene concesi\u00f3n en la zona sur del Gran Buenos Aires y parte de CABA.<\/p>\n<p>El apag\u00f3n se habr\u00eda originado por una falla en\u00a0<strong>la generaci\u00f3n que afect\u00f3 a las redes de distribuci\u00f3n de energ\u00eda, que se registr\u00f3 el pasado jueves 3 de octubre de las 7 de la ma\u00f1ana\u00a0<\/strong>en los barrios del sur de la ciudad de Buenos Aires y algunas localidades cercanas del Conurbano bonaerense. Para las 8.30 el servicio se hab\u00eda normalizado por completo.<\/p>\n<p>Seg\u00fan se dio a conocer,\u00a0<strong>el problema comenz\u00f3 en el segmento de la generaci\u00f3n<\/strong>, con la salida imprevista y sorpresiva de 450 MW del sistema, lo que luego deriv\u00f3 en problemas para el sector de la distribuci\u00f3n.<\/p>\n<p>Por otro lado, en los datos que releva minuto a minuto Cammesa indicaron que a las 7 el sistema interconectado nacional operaba con 14.117 MW, pero pocos minutos despu\u00e9s la demanda cay\u00f3 a 13.666 MW. Solo en el Gran Buenos Aires,\u00a0<strong>la generaci\u00f3n se desplom\u00f3 de 3.896 MW a las 7.10 a 2.784 MW a las 7.40.<\/strong><\/p>\n<p>Si bien de manera oficial no se informaron incendios o un siniestro que haya afectado a la red,\u00a0<strong>se especul\u00f3 con un incidente en la Central Costanera.\u00a0<\/strong>Por su parte, Edesur se deslig\u00f3 y dijo que se trat\u00f3 de una cuesti\u00f3n ajena a la empresa<strong>(VW)<\/strong>.<\/p>\n","protected":false},"excerpt":{"rendered":"<p>El gremio de Luz y Fuera denuncia la falta de inversiones por parte de la empresa que atiende la demanda el\u00e9ctrica en el sur del Gran Buenos Aires y la Ciudad.<\/p>\n","protected":false},"author":3,"featured_media":4785,"comment_status":"closed","ping_status":"closed","sticky":false,"template":"","format":"standard","meta":{"_monsterinsights_skip_tracking":false,"_monsterinsights_sitenote_active":false,"_monsterinsights_sitenote_note":"","_monsterinsights_sitenote_category":0,"footnotes":""},"categories":[8],"tags":[],"class_list":["post-16109","post","type-post","status-publish","format-standard","has-post-thumbnail","hentry","category-interes-general"],"_links":{"self":[{"href":"https:\/\/www.visionweb.com.ar\/index.php?rest_route=\/wp\/v2\/posts\/16109","targetHints":{"allow":["GET"]}}],"collection":[{"href":"https:\/\/www.visionweb.com.ar\/index.php?rest_route=\/wp\/v2\/posts"}],"about":[{"href":"https:\/\/www.visionweb.com.ar\/index.php?rest_route=\/wp\/v2\/types\/post"}],"author":[{"embeddable":true,"href":"https:\/\/www.visionweb.com.ar\/index.php?rest_route=\/wp\/v2\/users\/3"}],"replies":[{"embeddable":true,"href":"https:\/\/www.visionweb.com.ar\/index.php?rest_route=%2Fwp%2Fv2%2Fcomments&post=16109"}],"version-history":[{"count":1,"href":"https:\/\/www.visionweb.com.ar\/index.php?rest_route=\/wp\/v2\/posts\/16109\/revisions"}],"predecessor-version":[{"id":16110,"href":"https:\/\/www.visionweb.com.ar\/index.php?rest_route=\/wp\/v2\/posts\/16109\/revisions\/16110"}],"wp:featuredmedia":[{"embeddable":true,"href":"https:\/\/www.visionweb.com.ar\/index.php?rest_route=\/wp\/v2\/media\/4785"}],"wp:attachment":[{"href":"https:\/\/www.visionweb.com.ar\/index.php?rest_route=%2Fwp%2Fv2%2Fmedia&parent=16109"}],"wp:term":[{"taxonomy":"category","embeddable":true,"href":"https:\/\/www.visionweb.com.ar\/index.php?rest_route=%2Fwp%2Fv2%2Fcategories&post=16109"},{"taxonomy":"post_tag","embeddable":true,"href":"https:\/\/www.visionweb.com.ar\/index.php?rest_route=%2Fwp%2Fv2%2Ftags&post=16109"}],"curies":[{"name":"wp","href":"https:\/\/api.w.org\/{rel}","templated":true}]}}