{"id":16106,"date":"2024-10-15T07:53:16","date_gmt":"2024-10-15T10:53:16","guid":{"rendered":"https:\/\/www.visionweb.com.ar\/?p=16106"},"modified":"2024-10-15T07:53:16","modified_gmt":"2024-10-15T10:53:16","slug":"se-reunio-la-mesa-provincial-de-lactancia","status":"publish","type":"post","link":"https:\/\/www.visionweb.com.ar\/?p=16106","title":{"rendered":"Se reuni\u00f3 la Mesa Provincial de Lactancia"},"content":{"rendered":"<p><strong><em>La organizaci\u00f3n de la Mesa Provincial de Lactancia resulta de la articulaci\u00f3n de la legisladora Mariana Larroque con el Ministerio de las Mujeres y Diversidad y los Ministerios de Trabajo;\u00a0 de Salud, de Desarrollo de la Comunidad y la Direcci\u00f3n General de Cultura y Educaci\u00f3n bonaerense.<\/em><\/strong><!--more--><\/p>\n<p><img loading=\"lazy\" decoding=\"async\" class=\"size-medium wp-image-16107 alignright\" src=\"https:\/\/www.visionweb.com.ar\/wp-content\/uploads\/2024\/10\/DIPUTADOS-LACTANCIA-300x200.png\" alt=\"\" width=\"300\" height=\"200\" srcset=\"https:\/\/www.visionweb.com.ar\/wp-content\/uploads\/2024\/10\/DIPUTADOS-LACTANCIA-300x200.png 300w, https:\/\/www.visionweb.com.ar\/wp-content\/uploads\/2024\/10\/DIPUTADOS-LACTANCIA-1024x683.png 1024w, https:\/\/www.visionweb.com.ar\/wp-content\/uploads\/2024\/10\/DIPUTADOS-LACTANCIA-768x512.png 768w, https:\/\/www.visionweb.com.ar\/wp-content\/uploads\/2024\/10\/DIPUTADOS-LACTANCIA-1536x1025.png 1536w, https:\/\/www.visionweb.com.ar\/wp-content\/uploads\/2024\/10\/DIPUTADOS-LACTANCIA-2048x1366.png 2048w\" sizes=\"auto, (max-width: 300px) 100vw, 300px\" \/>Encabezada por la diputada Mariana Larroque, se llev\u00f3 a cabo la reuni\u00f3n inicial de la Mesa de Lactancia bonaerense en la Sala 9 del Palacio legislativo. Estuvieron presentes funcionarias del Gobierno provincial, trabajadoras y trabajadores de los sistemas de salud y educaci\u00f3n, y referentes de gremios e instituciones afines.<\/p>\n<p>La actividad abord\u00f3 las numerosas dificultades que obstaculizan la implementaci\u00f3n de pol\u00edticas p\u00fablicas tendientes a generar condiciones cuidadas para las personas lactantes que est\u00e9n alojadas como pacientes o trabajen en hospitales y dem\u00e1s establecimientos del \u00e1mbito sanitario.<\/p>\n<p>Luego de las presentaciones de la diputada Larroque y de las integrantes del panel de apertura, circul\u00f3 la palabra entre las personas concurrentes, que celebraron la conformaci\u00f3n de la Mesa y compartieron el estado de situaci\u00f3n de los espacios de trabajo. Asimismo, se manifest\u00f3 la necesidad de optimizar los \u00abbancos de leche\u00bb que est\u00e1n ubicados en el territorio de la provincia de Buenos Aires.<\/p>\n<p>Por su parte, Larroque asegur\u00f3 que \u00abla idea es que podamos aunar todas las iniciativas estatales de la provincia de Buenos Aires y contar con la participaci\u00f3n de todos los sectores de la sociedad, agrupaciones y organizaciones sociales, que vienen acompa\u00f1ando lactancias, mujeres y familias\u00bb. Y agreg\u00f3: \u00abEntendemos que es necesario construir dentro del sistema de salud los apoyos necesarios para que se puedan llevar adelante las lactancias y consideramos que esta tarea de cuidado por excelencia requiere la colaboraci\u00f3n de la sociedad en su conjunto\u00bb.<\/p>\n<p>Cabe recordar que la organizaci\u00f3n de la Mesa Provincial de Lactancia resulta de la articulaci\u00f3n de la legisladora Mariana Larroque con el Ministerio de las Mujeres y Diversidad, el Ministerio de Trabajo, el Ministerio de Salud, el Ministerio de Desarrollo de la Comunidad y la Direcci\u00f3n General de Cultura y Educaci\u00f3n de la Provincia de Buenos Aires<strong>(vw)<\/strong>.<\/p>\n","protected":false},"excerpt":{"rendered":"<p>La organizaci\u00f3n de la Mesa Provincial de Lactancia resulta de la articulaci\u00f3n de la legisladora Mariana Larroque con el Ministerio de las Mujeres y Diversidad y los Ministerios de Trabajo;\u00a0 de Salud, de Desarrollo&#46;&#46;&#46;<\/p>\n","protected":false},"author":3,"featured_media":16107,"comment_status":"closed","ping_status":"closed","sticky":false,"template":"","format":"standard","meta":{"_monsterinsights_skip_tracking":false,"_monsterinsights_sitenote_active":false,"_monsterinsights_sitenote_note":"","_monsterinsights_sitenote_category":0,"footnotes":""},"categories":[7,4],"tags":[],"class_list":["post-16106","post","type-post","status-publish","format-standard","has-post-thumbnail","hentry","category-educacion-y-cultura","category-politica"],"_links":{"self":[{"href":"https:\/\/www.visionweb.com.ar\/index.php?rest_route=\/wp\/v2\/posts\/16106","targetHints":{"allow":["GET"]}}],"collection":[{"href":"https:\/\/www.visionweb.com.ar\/index.php?rest_route=\/wp\/v2\/posts"}],"about":[{"href":"https:\/\/www.visionweb.com.ar\/index.php?rest_route=\/wp\/v2\/types\/post"}],"author":[{"embeddable":true,"href":"https:\/\/www.visionweb.com.ar\/index.php?rest_route=\/wp\/v2\/users\/3"}],"replies":[{"embeddable":true,"href":"https:\/\/www.visionweb.com.ar\/index.php?rest_route=%2Fwp%2Fv2%2Fcomments&post=16106"}],"version-history":[{"count":1,"href":"https:\/\/www.visionweb.com.ar\/index.php?rest_route=\/wp\/v2\/posts\/16106\/revisions"}],"predecessor-version":[{"id":16108,"href":"https:\/\/www.visionweb.com.ar\/index.php?rest_route=\/wp\/v2\/posts\/16106\/revisions\/16108"}],"wp:featuredmedia":[{"embeddable":true,"href":"https:\/\/www.visionweb.com.ar\/index.php?rest_route=\/wp\/v2\/media\/16107"}],"wp:attachment":[{"href":"https:\/\/www.visionweb.com.ar\/index.php?rest_route=%2Fwp%2Fv2%2Fmedia&parent=16106"}],"wp:term":[{"taxonomy":"category","embeddable":true,"href":"https:\/\/www.visionweb.com.ar\/index.php?rest_route=%2Fwp%2Fv2%2Fcategories&post=16106"},{"taxonomy":"post_tag","embeddable":true,"href":"https:\/\/www.visionweb.com.ar\/index.php?rest_route=%2Fwp%2Fv2%2Ftags&post=16106"}],"curies":[{"name":"wp","href":"https:\/\/api.w.org\/{rel}","templated":true}]}}