{"id":16101,"date":"2024-10-14T12:21:00","date_gmt":"2024-10-14T15:21:00","guid":{"rendered":"https:\/\/www.visionweb.com.ar\/?p=16101"},"modified":"2024-10-14T12:21:00","modified_gmt":"2024-10-14T15:21:00","slug":"came-durante-el-fin-de-semana-largo-hubo-menos-turistas-con-gastos-mas-austeros","status":"publish","type":"post","link":"https:\/\/www.visionweb.com.ar\/?p=16101","title":{"rendered":"CAME: Durante el fin de semana largo hubo menos turistas, con gastos m\u00e1s austeros"},"content":{"rendered":"<p><strong><em>Un informe mostr\u00f3 que viajaron 7,1% menos de personas que el a\u00f1o pasado en la misma fecha. Aunque algunas ciudades mostraron buena ocupaci\u00f3n, los restaurantes tuvieron poca concurrencia.<\/em><\/strong><!--more--><\/p>\n<div id=\"attachment_10174\" style=\"width: 310px\" class=\"wp-caption alignright\"><img loading=\"lazy\" decoding=\"async\" aria-describedby=\"caption-attachment-10174\" class=\"wp-image-10174 size-medium\" src=\"https:\/\/www.visionweb.com.ar\/wp-content\/uploads\/2023\/03\/MDQ-2023-1-300x225.jpg\" alt=\"\" width=\"300\" height=\"225\" srcset=\"https:\/\/www.visionweb.com.ar\/wp-content\/uploads\/2023\/03\/MDQ-2023-1-300x225.jpg 300w, https:\/\/www.visionweb.com.ar\/wp-content\/uploads\/2023\/03\/MDQ-2023-1-320x240.jpg 320w, https:\/\/www.visionweb.com.ar\/wp-content\/uploads\/2023\/03\/MDQ-2023-1.jpg 370w\" sizes=\"auto, (max-width: 300px) 100vw, 300px\" \/><p id=\"caption-attachment-10174\" class=\"wp-caption-text\">Mar del PLata. Foto archivo VW<\/p><\/div>\n<p><strong>\u00a0\u00a0\u00a0 \u00a0\u00a0\u00a0\u00a0\u00a0 L<\/strong>a <strong>Confederaci\u00f3n Argentina de la Mediana Empresa<\/strong> (CAME) detall\u00f3 que durante el \u00faltimo fin de semana largo en el marco del D\u00eda del Respeto a la Diversidad Cultural <strong>viajaron un 7,1% menos de personas<\/strong> que el a\u00f1o pasado y que los turistas fueron mucho <strong>m\u00e1s austeros<\/strong> que en otras ocasiones.<\/p>\n<p>\u201cEl fin de semana largo por el D\u00eda del Respeto a la Diversidad Cultural <strong>moviliz\u00f3 a 1,4 millones de turistas por el pa\u00eds<\/strong>, quienes gastaron $228.479 millones en las ciudades que forman parte del circuito tur\u00edstico nacional\u201d, inform\u00f3 la confederaci\u00f3n en un informe.<\/p>\n<p>La CAME explic\u00f3 que \u201cfrente al mismo fin de semana del a\u00f1o pasado, viajaron 7,1% menos de personas y el impacto econ\u00f3mico tuvo una baja real de 33,3%\u201d. \u201cEsto se explica porque el feriado 2023 fue de cuatro d\u00edas, y el tipo de cambio en aquel momento volv\u00eda a Argentina m\u00e1s conveniente para el visitante internacional\u201d, agreg\u00f3.<\/p>\n<p>El informe tambi\u00e9n advierte sobre la ausencia del programa Previaje durante este a\u00f1o que \u201cfue compensada por el incremento en la oferta de torneos deportivos, culturales y un potente calendario de encuentros\u201d.<\/p>\n<p>\u201cLos turistas desembolsaron, en promedio, $67.518 diarios cada uno, y la estad\u00eda media fue de 2,4 d\u00edas (vs. 3,3 jornadas el a\u00f1o pasado)\u201d, explicaron los empresarios. Y agregaron: \u201cEl visitante este a\u00f1o fue mucho m\u00e1s austero, not\u00e1ndose el menor poder adquisitivo\u201d.<\/p>\n<p>En esa l\u00ednea, advirtieron que <strong>los viajantes priorizaron \u201clas actividades gratuitas\u201d<\/strong> y redujeron \u201csu demanda gastron\u00f3mica\u201d, siendo \u201ccom\u00fan ver ciudades con ocupaci\u00f3n hotelera en niveles muy altos y a la vez, confiter\u00edas y restaurantes semivac\u00edos\u201d.<\/p>\n<p>\u201cEntre las ciudades m\u00e1s concurridas estuvieron: Mar del Plata, Caril\u00f3, Mar de las Pampas, Sierra de la Ventana, Villa General Belgrano, Esteros del Iber\u00e1, San Rafael, Salta, Bariloche, Puerto Madryn, El Calafate, Puerto Iguaz\u00fa y Federaci\u00f3n\u201d, agrega el informe.<\/p>\n<p>La CAME explic\u00f3 que la <strong>provincia de Buenos Aires<\/strong> \u201ctuvo una agenda muy completa y variada\u201d. \u201cMar del Plata, uno de los polos m\u00e1s visitados, ofreci\u00f3 la Fiesta Bresh, una de las m\u00e1s populares del pa\u00eds, y la Chachingo Wine Fair, que reuni\u00f3 a bodegas y productores de toda Argentina para deleitar a los amantes del vino\u201d, explicaron desde la confederaci\u00f3n.<\/p>\n<p>En tanto, San Clemente del Tuy\u00fa fue protagonista con la 58\u00aa Fiesta Nacional de la Corvina Negra y Chascom\u00fas celebr\u00f3 XIII Fiesta del Inmigrante (adem\u00e1s de otros eventos). \u201cAdem\u00e1s, San Antonio de Areco invit\u00f3 a los visitantes a vivir experiencias rurales, mientras que, en Suipacha los amantes de la gastronom\u00eda recorrieron la Ruta del Queso, disfrutando de productos locales en un entorno campestre. Tambi\u00e9n, San Pedro, Tandil, Lobos, Jun\u00edn, La Plata y Tigre, fueron otras localidades concurridas\u201d, inform\u00f3 CAME. <strong>(VW)<\/strong><\/p>\n","protected":false},"excerpt":{"rendered":"<p>Un informe mostr\u00f3 que viajaron 7,1% menos de personas que el a\u00f1o pasado en la misma fecha. Aunque algunas ciudades mostraron buena ocupaci\u00f3n, los restaurantes tuvieron poca concurrencia.<\/p>\n","protected":false},"author":4,"featured_media":10174,"comment_status":"closed","ping_status":"closed","sticky":false,"template":"","format":"standard","meta":{"_monsterinsights_skip_tracking":false,"_monsterinsights_sitenote_active":false,"_monsterinsights_sitenote_note":"","_monsterinsights_sitenote_category":0,"footnotes":""},"categories":[6,8],"tags":[309,6820,122,6821],"class_list":["post-16101","post","type-post","status-publish","format-standard","has-post-thumbnail","hentry","category-economia","category-interes-general","tag-came","tag-finde-largo-octubre","tag-informe","tag-menos-octividad"],"_links":{"self":[{"href":"https:\/\/www.visionweb.com.ar\/index.php?rest_route=\/wp\/v2\/posts\/16101","targetHints":{"allow":["GET"]}}],"collection":[{"href":"https:\/\/www.visionweb.com.ar\/index.php?rest_route=\/wp\/v2\/posts"}],"about":[{"href":"https:\/\/www.visionweb.com.ar\/index.php?rest_route=\/wp\/v2\/types\/post"}],"author":[{"embeddable":true,"href":"https:\/\/www.visionweb.com.ar\/index.php?rest_route=\/wp\/v2\/users\/4"}],"replies":[{"embeddable":true,"href":"https:\/\/www.visionweb.com.ar\/index.php?rest_route=%2Fwp%2Fv2%2Fcomments&post=16101"}],"version-history":[{"count":1,"href":"https:\/\/www.visionweb.com.ar\/index.php?rest_route=\/wp\/v2\/posts\/16101\/revisions"}],"predecessor-version":[{"id":16102,"href":"https:\/\/www.visionweb.com.ar\/index.php?rest_route=\/wp\/v2\/posts\/16101\/revisions\/16102"}],"wp:featuredmedia":[{"embeddable":true,"href":"https:\/\/www.visionweb.com.ar\/index.php?rest_route=\/wp\/v2\/media\/10174"}],"wp:attachment":[{"href":"https:\/\/www.visionweb.com.ar\/index.php?rest_route=%2Fwp%2Fv2%2Fmedia&parent=16101"}],"wp:term":[{"taxonomy":"category","embeddable":true,"href":"https:\/\/www.visionweb.com.ar\/index.php?rest_route=%2Fwp%2Fv2%2Fcategories&post=16101"},{"taxonomy":"post_tag","embeddable":true,"href":"https:\/\/www.visionweb.com.ar\/index.php?rest_route=%2Fwp%2Fv2%2Ftags&post=16101"}],"curies":[{"name":"wp","href":"https:\/\/api.w.org\/{rel}","templated":true}]}}