{"id":16061,"date":"2024-10-08T12:03:31","date_gmt":"2024-10-08T15:03:31","guid":{"rendered":"https:\/\/www.visionweb.com.ar\/?p=16061"},"modified":"2024-10-08T12:19:45","modified_gmt":"2024-10-08T15:19:45","slug":"kicillof-suma-apoyos-de-cara-al-acto-bonaerense-del-17-de-octubre","status":"publish","type":"post","link":"https:\/\/www.visionweb.com.ar\/?p=16061","title":{"rendered":"Kicillof suma apoyos de cara al acto bonaerense del 17 de octubre"},"content":{"rendered":"<p><em><strong>Mientras crece la tensi\u00f3n en la interna del PJ, Kicillof busca armar su propia tropa, con el apoyo de varios intendentes. El punto de partida ser\u00e1 el 17 de octubre. Cristina, por su parte quiere liderar el Justicialismo.<\/strong><\/em>\u00a0 <!--more--><\/p>\n<div id=\"attachment_2162\" style=\"width: 310px\" class=\"wp-caption alignright\"><img loading=\"lazy\" decoding=\"async\" aria-describedby=\"caption-attachment-2162\" class=\"wp-image-2162 size-medium\" src=\"https:\/\/www.visionweb.com.ar\/wp-content\/uploads\/2021\/07\/KICILLOF-Y-FERNANDEZ-EN-UN-ACTO-EN-LA-PLATA-300x203.png\" alt=\"\" width=\"300\" height=\"203\" srcset=\"https:\/\/www.visionweb.com.ar\/wp-content\/uploads\/2021\/07\/KICILLOF-Y-FERNANDEZ-EN-UN-ACTO-EN-LA-PLATA-300x203.png 300w, https:\/\/www.visionweb.com.ar\/wp-content\/uploads\/2021\/07\/KICILLOF-Y-FERNANDEZ-EN-UN-ACTO-EN-LA-PLATA.png 640w\" sizes=\"auto, (max-width: 300px) 100vw, 300px\" \/><p id=\"caption-attachment-2162\" class=\"wp-caption-text\"><strong>El gobernador Axel Kicillof y la ex presidenta Cristina Fern\u00e1ndez de Kirchner en tiempos no tan lejanos (Archivo VW) <\/strong><\/p><\/div>\n<p>Con la organizaci\u00f3n de intendentes, dirigentes y el apoyo del Movimiento Evita, el gobernador bonaerense Axel Kicillof se prepara para encabezar, como \u00fanico orador, un acto el 17 de octubre, en el d\u00eda de la Lealtad Peronista, en la ciudad de Berisso.<\/p>\n<p>En las \u00faltimas horas, en una reuni\u00f3n se defini\u00f3 que Kicillof ser\u00e1 el \u00fanico orador del acto que realizar\u00e1n el 17, fecha clave en el calendario peronista.<\/p>\n<p>La reconfirmaci\u00f3n alej\u00f3 los rumores que se hab\u00edan generado de un supuesto acto conjunto entre el mandatario y Cristina Fern\u00e1ndez de Kirchner, quien ayer confirm\u00f3 que<strong> ir\u00e1 por la presidencia del PJ en una carta con algunas l\u00edneas dedicadas, aunque sin nombrarlo, al mandatario bonaerense.<\/strong><\/p>\n<p>De la reuni\u00f3n participaron los ministros Andr\u00e9s \u201cCuervo\u201d Larroque, Walter Correa y Carlos Bianco; los funcionarios y dirigentes sociales Daniel \u201cChuky\u201d Men\u00e9ndez y Gildo Onorato; y los intendentes Julio Alak (La Plata), Jorge Ferraresi (Avellaneda) y Mario Secco (Ensenada).<\/p>\n<p>Pero tambi\u00e9n mostr\u00f3 su apoyo El Movimiento Evita, quien prometi\u00f3 movilizarse a Berisso para dejar en clara su oposici\u00f3n al Gobierno nacional y construir \u201cuna alternativa de futuro frente al modelo de la crueldad de Milei\u201d.<\/p>\n<p>El encuentro\u00a0 se realizar\u00e1 bajo la consigna \u201cLealtad con el Pueblo, la Patria no se Vende\u201d, en una continuidad de lo que fueron los plenarios en Florencio Varela y en Mar Chiquita.<\/p>\n<p>El acto tiene por\u00a0 objetivo posicionarse frente a las pol\u00edticas de Milei, lo cierto es que se da en medio de una nueva tensi\u00f3n entre la Provincia y la agrupaci\u00f3n La C\u00e1mpora, que tuvo d\u00edas atr\u00e1s su acto en La Plata al que no fue invitado Kicillof.<\/p>\n<p>\u201cRatificamos el apoyo a la gesti\u00f3n provincial del gobernador Kicillof y a su rol de conductor\u201d, lanz\u00f3 Ferraresi tras el paso por Berisso. Mientras que Secco agreg\u00f3: \u201cEl 17 de Octubre, a las 16 horas, acompa\u00f1aremos a nuestro gobernador Kicillof en lo que ser\u00e1 una gran muestra de unidad y fortaleza de todo el frente peronista bonaerense <strong>en el Kil\u00f3metro 0 del peronismo\u201d.\u00a0<\/strong>Cabe recordar que el PJ bonaerense es actualmente conducido por M\u00e1ximo Kirchner<strong>(VW)<\/strong>.<\/p>\n","protected":false},"excerpt":{"rendered":"<p>Mientras crece la tensi\u00f3n en la interna del PJ, Kicillof busca armar su propia tropa, con el apoyo de varios intendentes. El punto de partida ser\u00e1 el 17 de octubre. Cristina, por su parte&#46;&#46;&#46;<\/p>\n","protected":false},"author":3,"featured_media":2162,"comment_status":"closed","ping_status":"closed","sticky":false,"template":"","format":"standard","meta":{"_monsterinsights_skip_tracking":false,"_monsterinsights_sitenote_active":false,"_monsterinsights_sitenote_note":"","_monsterinsights_sitenote_category":0,"footnotes":""},"categories":[4],"tags":[6810,167,1349,265],"class_list":["post-16061","post","type-post","status-publish","format-standard","has-post-thumbnail","hentry","category-politica","tag-berisso","tag-kicillof","tag-kirchner","tag-octubre"],"_links":{"self":[{"href":"https:\/\/www.visionweb.com.ar\/index.php?rest_route=\/wp\/v2\/posts\/16061","targetHints":{"allow":["GET"]}}],"collection":[{"href":"https:\/\/www.visionweb.com.ar\/index.php?rest_route=\/wp\/v2\/posts"}],"about":[{"href":"https:\/\/www.visionweb.com.ar\/index.php?rest_route=\/wp\/v2\/types\/post"}],"author":[{"embeddable":true,"href":"https:\/\/www.visionweb.com.ar\/index.php?rest_route=\/wp\/v2\/users\/3"}],"replies":[{"embeddable":true,"href":"https:\/\/www.visionweb.com.ar\/index.php?rest_route=%2Fwp%2Fv2%2Fcomments&post=16061"}],"version-history":[{"count":1,"href":"https:\/\/www.visionweb.com.ar\/index.php?rest_route=\/wp\/v2\/posts\/16061\/revisions"}],"predecessor-version":[{"id":16062,"href":"https:\/\/www.visionweb.com.ar\/index.php?rest_route=\/wp\/v2\/posts\/16061\/revisions\/16062"}],"wp:featuredmedia":[{"embeddable":true,"href":"https:\/\/www.visionweb.com.ar\/index.php?rest_route=\/wp\/v2\/media\/2162"}],"wp:attachment":[{"href":"https:\/\/www.visionweb.com.ar\/index.php?rest_route=%2Fwp%2Fv2%2Fmedia&parent=16061"}],"wp:term":[{"taxonomy":"category","embeddable":true,"href":"https:\/\/www.visionweb.com.ar\/index.php?rest_route=%2Fwp%2Fv2%2Fcategories&post=16061"},{"taxonomy":"post_tag","embeddable":true,"href":"https:\/\/www.visionweb.com.ar\/index.php?rest_route=%2Fwp%2Fv2%2Ftags&post=16061"}],"curies":[{"name":"wp","href":"https:\/\/api.w.org\/{rel}","templated":true}]}}