{"id":16059,"date":"2024-10-08T10:53:11","date_gmt":"2024-10-08T13:53:11","guid":{"rendered":"https:\/\/www.visionweb.com.ar\/?p=16059"},"modified":"2024-10-08T10:53:11","modified_gmt":"2024-10-08T13:53:11","slug":"universidades-los-estudiantes-toman-los-establecimientos-en-la-previa-del-debate-en-diputados","status":"publish","type":"post","link":"https:\/\/www.visionweb.com.ar\/?p=16059","title":{"rendered":"Universidades: Los estudiantes toman los establecimientos en la previa del debate en Diputados"},"content":{"rendered":"<p><em><strong>Crece la tensi\u00f3n en la previa al debate por el veto a la Ley de Financiamiento Universitario en la C\u00e1mara de Diputados. Los gremios rechazaron el aumento del 6,8 %. Estudiantes resolvieron, mediante asambleas, tomar las sedes en reclamo por el veto a la ley.<\/strong><\/em><!--more--><\/p>\n<div id=\"attachment_16013\" style=\"width: 310px\" class=\"wp-caption alignright\"><img loading=\"lazy\" decoding=\"async\" aria-describedby=\"caption-attachment-16013\" class=\"wp-image-16013 size-medium\" src=\"https:\/\/www.visionweb.com.ar\/wp-content\/uploads\/2024\/10\/universitarios-300x175.png\" alt=\"\" width=\"300\" height=\"175\" srcset=\"https:\/\/www.visionweb.com.ar\/wp-content\/uploads\/2024\/10\/universitarios-300x175.png 300w, https:\/\/www.visionweb.com.ar\/wp-content\/uploads\/2024\/10\/universitarios.png 562w\" sizes=\"auto, (max-width: 300px) 100vw, 300px\" \/><p id=\"caption-attachment-16013\" class=\"wp-caption-text\">Imagen de archivo<\/p><\/div>\n<p><strong>\u00a0\u00a0\u00a0\u00a0 E<\/strong>n las \u00faltimas horas el<strong>\u00a0conflicto universitario\u00a0<\/strong>se intensific\u00f3, luego de que el\u00a0<strong>Gobierno\u00a0<\/strong>de\u00a0<strong>Javier Milei\u00a0<\/strong>anunciara que <strong>aumentar\u00e1 los salarios docentes y no docentes en un 6,8%<\/strong>, por decreto, pese al rechazo de los gremios y que los estudiantes de las casas de altos estudios decidieran tomar las sedes en reclamo al veto a la\u00a0<strong>Ley de Financiamiento Universitario<\/strong>, que debatir\u00e1 la\u00a0<strong>C\u00e1mara de Diputados<\/strong>\u00a0ma\u00f1ana mi\u00e9rcoles.<\/p>\n<p>En concreto, el\u00a0<strong>Gobierno<\/strong>, a trav\u00e9s del\u00a0<strong>Ministerio de Capital Humano<\/strong>\u00a0de\u00a0<strong>Sandra Pettovello<\/strong>, <strong>anunci\u00f3 un incremento del 6,8% para todo el personal universitario<\/strong> \u201cen consonancia con el compromiso asumido de priorizar el salario y no las disputas pol\u00edticas\u201d y especific\u00f3 que \u201c5,8% ser\u00e1 adicional al 1% establecido para personal docente y no docente de las\u00a0<strong>Universidades Nacionales\u00a0<\/strong>para el mes de octubre\u201d.<\/p>\n<p>El comunicado que sac\u00f3 el\u00a0<strong>Gobierno nacional<\/strong>, se public\u00f3 en medio del\u00a0<strong>conflicto universitario<\/strong>\u00a0que se desat\u00f3 por la falta de presupuesto destinado para las casas de altos estudios, y en la antesala al debate del veto a la\u00a0<strong>Ley de Financiamiento Universitario<\/strong>\u00a0en\u00a0<strong>Diputados<\/strong>, lugar en el que<strong>\u00a0La Libertad Avanza\u00a0<\/strong>cuenta los porotos para alcanzar blindar la medida de\u00a0<strong>Javier Milei\u00a0<\/strong>y bloquear lo que decidi\u00f3 el\u00a0<strong>Congreso\u00a0<\/strong>el mes pasado.<\/p>\n<p>En este contexto, el\u00a0<strong>PRO\u00a0<\/strong>que lidera\u00a0<strong>Mauricio Macri<\/strong>, luego de varias indecisiones, anunci\u00f3 que acompa\u00f1ar\u00e1 el veto a la\u00a0<strong>Ley de Financiamiento Universitario<\/strong>, pero le subray\u00f3 al\u00a0<strong>Gobierno nacional\u00a0<\/strong>la necesidad de que convoque a los gremios de docentes y no docentes de las casas de altos estudios para alcanzar un acuerdo.<\/p>\n<p>\u201cHabiendo pasado diez meses de gesti\u00f3n, el\u00a0<strong>Gobierno\u00a0<\/strong>se encuentra en un\u00a0<strong>conflicto universitario\u00a0<\/strong>agravado por cuestiones internas del propio oficialismo, conflicto que con una gesti\u00f3n profesional y eficiente podr\u00eda haber evitado\u201d, sostuvieron los dirigentes del\u00a0<strong>PRO\u00a0<\/strong>en el comunicado que publicaron en las \u00faltimas horas.<\/p>\n<p>Asimismo, los estudiantes de las\u00a0<strong>Facultades de Filosof\u00eda y Letras<\/strong>, de<strong>\u00a0Psicolog\u00eda y de Veterinarias<\/strong>\u00a0de la\u00a0<strong>Universidad de Buenos Aires<\/strong>\u00a0(<a href=\"https:\/\/www.uba.ar\/\">UBA<\/a>) resolvieron, mediante asambleas, tomar las sedes en reclamo por el veto a la ley y as\u00ed, el\u00a0<strong>conflicto universitario<\/strong>\u00a0subi\u00f3 un nuevo escal\u00f3n, que se ver\u00e1 tambi\u00e9n en la movilizaci\u00f3n que tiene programado el sector para la jornada de ma\u00f1ana en paralelo al debate de los\u00a0<strong>Diputados<\/strong>.<\/p>\n<p>Por caso, los alumnos del colegio preuniversitario\u00a0<strong>Nacional Buenos Aires<\/strong>, dependiente de la\u00a0<strong>UBA<\/strong>, definieron plegarse a la toma, en tanto que las F<strong>acultades de Ciencias Sociales y Exactas y Naturales de la UBA\u00a0<\/strong>resolver\u00e1n este martes si avanzan con vigilia a partir de la noche. Por su parte, las autoridades de las casas de estudio anunciaron que garantizar\u00e1n el cuidado de los establecimientos.<\/p>\n<p>Cabe se\u00f1alar que, la medida que tomaron los estudiantes en la jornada de este martes, est\u00e1 acompa\u00f1ada por una alerta que emitieron los mismos, en el que aclararon que en caso de que los diputados no revoquen el\u00a0<strong>veto<\/strong>, realizar\u00e1n cacerolazos en distintos puntos de\u00a0<strong>Buenos Aires<\/strong>, y convocaran a una nueva asamblea para este mi\u00e9rcoles a las 16 horas.<\/p>\n<p><strong>El Gobierno anunci\u00f3 que ir\u00e1 a la Justicia por el veto<\/strong><\/p>\n<p>El ministro de Econom\u00eda Luis Caputo, inform\u00f3 en las \u00faltimas horas que el\u00a0<strong>Gobierno\u00a0<\/strong>de la\u00a0<strong>Naci\u00f3n\u00a0<\/strong>asistir\u00e1 a la\u00a0<strong>Justicia\u00a0<\/strong>en caso de que\u00a0<strong>Diputados\u00a0<\/strong>no apruebe el veto a la<strong>\u00a0Ley de Financiamiento Universitario<\/strong>, dado que el proyecto que cuenta con el acompa\u00f1amiento del Congreso no tiene una explicaci\u00f3n sobre de d\u00f3nde se obtendr\u00e1n los recursos para aumentar los fondos para las casas de altos estudios.<\/p>\n<p>\u201cNosotros desde el\u00a0<strong>Gobierno nacional\u00a0<\/strong>obviamente vamos a apelar a eso, probablemente por la v\u00eda de la\u00a0<strong>Justicia<\/strong>, pero siempre dentro del marco de la ley\u201d, inform\u00f3\u00a0<strong>Caputo\u00a0<\/strong>en declaraciones televisivas, asegur\u00f3 que\u00a0<strong>Milei\u00a0<\/strong>a las \u201cuniversidades les dio todo\u201d y agreg\u00f3 que el conflicto universitario se vio atravesado por intereses particulares de personajes de la pol\u00edtica.<\/p>\n<p>\u201cLo que dice la\u00a0<strong>Ley de Administraci\u00f3n Financiera\u00a0<\/strong>es que el\u00a0<strong>Congreso\u00a0<\/strong><strong>no puede presentar un gasto sin una contrapartida de financiamiento que lo justifique<\/strong>.\u00a0Por eso vamos a apelar en la Justicia si el veto se desaprueba, porque la ley est\u00e1 mal\u201d, enfatiz\u00f3 el ministro de Econom\u00eda.<\/p>\n<p>En ese contexto,\u00a0<strong>Caputo\u00a0<\/strong>apunt\u00f3 a la\u00a0<strong>Universidad de las Madres de Plaza de Mayo<\/strong>, sobre la que resalt\u00f3 que \u201cdesde 2020 hasta 2023 recibi\u00f3 solo al 0,62% de los alumnos, es decir, 16 estudiantes, mientras que el Estado gast\u00f3 100 millones de pesos por cada egresado\u201d. \u201cCasi sal\u00eda m\u00e1s barato mandarlos a Harvard\u201d, detall\u00f3 el funcionario.\u00a0<strong>(VW)<\/strong><\/p>\n<p>&nbsp;<\/p>\n","protected":false},"excerpt":{"rendered":"<p>Crece la tensi\u00f3n en la previa al debate por el veto a la Ley de Financiamiento Universitario en la C\u00e1mara de Diputados. Los gremios rechazaron el aumento del 6,8 %. Estudiantes resolvieron, mediante asambleas,&#46;&#46;&#46;<\/p>\n","protected":false},"author":4,"featured_media":16013,"comment_status":"closed","ping_status":"closed","sticky":false,"template":"","format":"standard","meta":{"_monsterinsights_skip_tracking":false,"_monsterinsights_sitenote_active":false,"_monsterinsights_sitenote_note":"","_monsterinsights_sitenote_category":0,"footnotes":""},"categories":[4,5],"tags":[6808,6809,6807],"class_list":["post-16059","post","type-post","status-publish","format-standard","has-post-thumbnail","hentry","category-politica","category-sociedad","tag-alumnos-toman-establecimientos","tag-aumento-por-decreto","tag-conflicto-universitario"],"_links":{"self":[{"href":"https:\/\/www.visionweb.com.ar\/index.php?rest_route=\/wp\/v2\/posts\/16059","targetHints":{"allow":["GET"]}}],"collection":[{"href":"https:\/\/www.visionweb.com.ar\/index.php?rest_route=\/wp\/v2\/posts"}],"about":[{"href":"https:\/\/www.visionweb.com.ar\/index.php?rest_route=\/wp\/v2\/types\/post"}],"author":[{"embeddable":true,"href":"https:\/\/www.visionweb.com.ar\/index.php?rest_route=\/wp\/v2\/users\/4"}],"replies":[{"embeddable":true,"href":"https:\/\/www.visionweb.com.ar\/index.php?rest_route=%2Fwp%2Fv2%2Fcomments&post=16059"}],"version-history":[{"count":1,"href":"https:\/\/www.visionweb.com.ar\/index.php?rest_route=\/wp\/v2\/posts\/16059\/revisions"}],"predecessor-version":[{"id":16060,"href":"https:\/\/www.visionweb.com.ar\/index.php?rest_route=\/wp\/v2\/posts\/16059\/revisions\/16060"}],"wp:featuredmedia":[{"embeddable":true,"href":"https:\/\/www.visionweb.com.ar\/index.php?rest_route=\/wp\/v2\/media\/16013"}],"wp:attachment":[{"href":"https:\/\/www.visionweb.com.ar\/index.php?rest_route=%2Fwp%2Fv2%2Fmedia&parent=16059"}],"wp:term":[{"taxonomy":"category","embeddable":true,"href":"https:\/\/www.visionweb.com.ar\/index.php?rest_route=%2Fwp%2Fv2%2Fcategories&post=16059"},{"taxonomy":"post_tag","embeddable":true,"href":"https:\/\/www.visionweb.com.ar\/index.php?rest_route=%2Fwp%2Fv2%2Ftags&post=16059"}],"curies":[{"name":"wp","href":"https:\/\/api.w.org\/{rel}","templated":true}]}}