{"id":16057,"date":"2024-10-08T10:34:19","date_gmt":"2024-10-08T13:34:19","guid":{"rendered":"https:\/\/www.visionweb.com.ar\/?p=16057"},"modified":"2024-10-08T10:34:19","modified_gmt":"2024-10-08T13:34:19","slug":"el-gobierno-disolvio-el-fondo-fiduciario-de-las-becas-progresar","status":"publish","type":"post","link":"https:\/\/www.visionweb.com.ar\/?p=16057","title":{"rendered":"El Gobierno disolvi\u00f3 el fondo fiduciario de las Becas Progresar"},"content":{"rendered":"<p><strong><em>Por decreto se elimin\u00f3 el Fondo Fiduciario P\u00fablico creado en 2022. En paralelo el Gobierno aument\u00f3 un 75% las Becas Progresar que para octubre quedar\u00edan en $35.000. con el descuento de\u00a0ANSES que\u00a0retiene el 20% el monto que se cobrar\u00e1 en octubre es de\u00a0$28.000.<\/em><\/strong><!--more--><\/p>\n<p><strong>\u00a0\u00a0\u00a0 <img loading=\"lazy\" decoding=\"async\" class=\"size-full wp-image-6981 alignright\" src=\"https:\/\/www.visionweb.com.ar\/wp-content\/uploads\/2022\/08\/becas-progresar-idiomas.bmp\" alt=\"\" width=\"683\" height=\"397\" \/>E<\/strong>l Gobierno nacional elimin\u00f3 el<strong>\u00a0fondo fiduciario<\/strong>\u00a0que financia las Becas Progresar, un programa que tiene como prop\u00f3sito mitigar las desigualdades sociales y econ\u00f3micas que dificultan el ejercicio del derecho a la educaci\u00f3n.<\/p>\n<p>Fue a trav\u00e9s del Decreto 888\/2024 publicado este martes en Bolet\u00edn Oficial con las\u00a0<strong>firmas del presidente Javier Milei, el jefe de gabinete Guillermo Francos y el ministro de econom\u00eda, Luis Caputo.<\/strong><\/p>\n<p>En el escrito, se elimina el<strong>\u00a0Fondo Fiduciario P\u00fablico\u00a0<\/strong>creado el 28 de enero de 2022 denominado <strong>\u201cFondo Fiduciario Progresar\u201d<\/strong> cuyo destino era financiar l\u00edneas de acci\u00f3n orientadas a complementar y potenciar las acciones del \u201cPrograma de Respaldo a Estudiantes Argentinos\u201d (Progresar).<\/p>\n<p>Seg\u00fan el Gobierno, este fondo \u201cnunca se encontr\u00f3 operativo, por no haberse integrado los bienes necesarios para su funcionamiento\u201d.<\/p>\n<p>Este fondo, creado en 2022\u00a0<strong>ten\u00eda una duraci\u00f3n de 20 a\u00f1os,<\/strong>\u00a0contados desde la fecha de su constituci\u00f3n mediante la celebraci\u00f3n de un contrato de fideicomiso, y, a su vencimiento, la propiedad de los bienes fideicomitidos quedar\u00e1 en poder del fideicomisario\u201d, que en este caso era el Ministerio de Educaci\u00f3n de ese entonces, ahora Secretar\u00eda de Educaci\u00f3n.<\/p>\n<p>Dichos bienes eran los fondos asignados para el\u00a0<strong>Programa Progresar,<\/strong>\u00a0el producido de sus operaciones, la renta y \u201cfrutos e inversi\u00f3n de los bienes fideicomitidos\u201d. Tambi\u00e9n podr\u00e1n agregarse \u201cotros recursos provenientes del Tesoro Nacional que sean espec\u00edficamente destinados al Fondo y aportes, contribuciones, subsidios, legados y donaciones espec\u00edficamente destinadas\u201d a este fin.<\/p>\n<p>Pese a que el Gobierno elimin\u00f3 el Fondo Fiduciario que lo financiaba, no aclar\u00f3 si se eliminar\u00e1n o no las\u00a0<strong>Becas Progresar<\/strong>\u00a0debido a que puede determinar partidas a cargo del Ministerio de Capital Humano para mantenerlo vigente. Recientemente, el Gobierno confirm\u00f3 un aumento del 75% para los beneficiarios de las Becas Progresar en el mes de octubre que las llevar\u00e1 a un total de $35.000.<\/p>\n<p>De igual manera hay que recordar que lo que se acreditar\u00e1 en las cuentas de los beneficiarios de las\u00a0<strong>Becas Progresar<\/strong>\u00a0ser\u00e1 un monto mucho menor, ya que\u00a0<strong>ANSES<\/strong>\u00a0retiene el 20% y lo entrega en determinadas fechas del a\u00f1o como un bono. Es por eso que el monto que se cobrar\u00e1 en octubre es de\u00a0<strong>$28.000<\/strong>. <strong>(VW)<\/strong><\/p>\n<p>&nbsp;<\/p>\n","protected":false},"excerpt":{"rendered":"<p>Por decreto se elimin\u00f3 el Fondo Fiduciario P\u00fablico creado en 2022. En paralelo el Gobierno aument\u00f3 un 75% las Becas Progresar que para octubre quedar\u00edan en $35.000. con el descuento de\u00a0ANSES que\u00a0retiene el 20%&#46;&#46;&#46;<\/p>\n","protected":false},"author":4,"featured_media":6981,"comment_status":"closed","ping_status":"closed","sticky":false,"template":"","format":"standard","meta":{"_monsterinsights_skip_tracking":false,"_monsterinsights_sitenote_active":false,"_monsterinsights_sitenote_note":"","_monsterinsights_sitenote_category":0,"footnotes":""},"categories":[6,4],"tags":[2856,6806],"class_list":["post-16057","post","type-post","status-publish","format-standard","has-post-thumbnail","hentry","category-economia","category-politica","tag-becas-progresar","tag-eliminan-fondos-fiduciarios"],"_links":{"self":[{"href":"https:\/\/www.visionweb.com.ar\/index.php?rest_route=\/wp\/v2\/posts\/16057","targetHints":{"allow":["GET"]}}],"collection":[{"href":"https:\/\/www.visionweb.com.ar\/index.php?rest_route=\/wp\/v2\/posts"}],"about":[{"href":"https:\/\/www.visionweb.com.ar\/index.php?rest_route=\/wp\/v2\/types\/post"}],"author":[{"embeddable":true,"href":"https:\/\/www.visionweb.com.ar\/index.php?rest_route=\/wp\/v2\/users\/4"}],"replies":[{"embeddable":true,"href":"https:\/\/www.visionweb.com.ar\/index.php?rest_route=%2Fwp%2Fv2%2Fcomments&post=16057"}],"version-history":[{"count":1,"href":"https:\/\/www.visionweb.com.ar\/index.php?rest_route=\/wp\/v2\/posts\/16057\/revisions"}],"predecessor-version":[{"id":16058,"href":"https:\/\/www.visionweb.com.ar\/index.php?rest_route=\/wp\/v2\/posts\/16057\/revisions\/16058"}],"wp:featuredmedia":[{"embeddable":true,"href":"https:\/\/www.visionweb.com.ar\/index.php?rest_route=\/wp\/v2\/media\/6981"}],"wp:attachment":[{"href":"https:\/\/www.visionweb.com.ar\/index.php?rest_route=%2Fwp%2Fv2%2Fmedia&parent=16057"}],"wp:term":[{"taxonomy":"category","embeddable":true,"href":"https:\/\/www.visionweb.com.ar\/index.php?rest_route=%2Fwp%2Fv2%2Fcategories&post=16057"},{"taxonomy":"post_tag","embeddable":true,"href":"https:\/\/www.visionweb.com.ar\/index.php?rest_route=%2Fwp%2Fv2%2Ftags&post=16057"}],"curies":[{"name":"wp","href":"https:\/\/api.w.org\/{rel}","templated":true}]}}