{"id":16048,"date":"2024-10-07T19:31:49","date_gmt":"2024-10-07T22:31:49","guid":{"rendered":"https:\/\/www.visionweb.com.ar\/?p=16048"},"modified":"2024-10-07T19:31:49","modified_gmt":"2024-10-07T22:31:49","slug":"educacion-el-nuevo-diseno-curricular-de-la-primaria-en-caba","status":"publish","type":"post","link":"https:\/\/www.visionweb.com.ar\/?p=16048","title":{"rendered":"Educaci\u00f3n: El nuevo dise\u00f1o curricular de la primaria en CABA"},"content":{"rendered":"<p><em><strong>Comenzar\u00e1 a regir el a\u00f1o pr\u00f3ximo. \u00abNueva Primaria: vamos a marcar y corregir los errores\u00bb, anunci\u00f3 Jorge Macri.<\/strong><\/em><!--more--><\/p>\n<p><strong>\u00a0\u00a0 <img loading=\"lazy\" decoding=\"async\" class=\"size-medium wp-image-10258 alignright\" src=\"https:\/\/www.visionweb.com.ar\/wp-content\/uploads\/2023\/04\/aula-300x168.png\" alt=\"\" width=\"300\" height=\"168\" srcset=\"https:\/\/www.visionweb.com.ar\/wp-content\/uploads\/2023\/04\/aula-300x168.png 300w, https:\/\/www.visionweb.com.ar\/wp-content\/uploads\/2023\/04\/aula.png 390w\" sizes=\"auto, (max-width: 300px) 100vw, 300px\" \/>\u00a0\u00a0\u00a0 E<\/strong>l<strong> Ministerio de Educaci\u00f3n porte\u00f1o <\/strong>present\u00f3 un<strong> nuevo dise\u00f1o curricular para el nivel primario, que har\u00e1 foco en materias clave como Lengua y Matem\u00e1tica, <\/strong>tambi\u00e9n se incorporar\u00e1 la formaci\u00f3n en educaci\u00f3n financiera, entre otros puntos.<\/p>\n<p>El anuncio lo realiz\u00f3 el jefe de Gobierno\u00a0<strong>Jorge Macri<\/strong>\u00a0este lunes, en el que dio detalles, entre otros, en la formaci\u00f3n en nuevas \u00e1reas como\u00a0<strong>educaci\u00f3n digital, ambiental\u00a0<\/strong>y\u00a0<strong>financiera.\u00a0<\/strong> \u201cNueva Primaria: vamos a marcar y corregir los errores\u201d, anunci\u00f3 el jefe de gobierno porte\u00f1o, Jorge Macri, al momento que present\u00f3 el nuevo programa.<\/p>\n<p>Desde 2025 el cambio del dise\u00f1o curricular de la escuela primaria,\u00a0<strong>buscar\u00e1 que los alumnos puedan leer en forma fluida y comprendan lo que leen, escriban de modo competente y transmitan oralmente sus ideas en distintos contextos en forma clara y precisa.<\/strong><\/p>\n<p><strong>Tambi\u00e9n que los estudiantes resuelvan problemas vinculados con la vida cotidiana y tengan capacidad para trabajar de manera aut\u00f3noma y colaborativa.<\/strong><\/p>\n<p>No s\u00f3lo se implementar\u00e1n\u00a0<strong>nuevas formas de aprender en Lengua y Matem\u00e1tica<\/strong>, tambi\u00e9n se profundizar\u00e1n asignaturas claves como\u00a0Arte y Ciencias.<\/p>\n<p>Adem\u00e1s, se incluir\u00e1n\u00a0<strong>innovaciones acordes a los nuevos tiempos<\/strong>: Inteligencia Artificial, mayor participaci\u00f3n de la educaci\u00f3n digital y la tecnolog\u00eda (Plan Sarmiento), m\u00e1s tiempo de aprendizajes con Horas de Priorizaci\u00f3n Institucional, mayor flexibilidad en la organizaci\u00f3n, objetivos m\u00e1s claros, y enfoque en los logros de aprendizaje.<\/p>\n<p><strong>En el\u00a0primer ciclo\u00a0(1\u00b0, 2\u00b0 y 3\u00b0 grado) se har\u00e1 foco en la\u00a0alfabetizaci\u00f3n inicial con la ense\u00f1anza de los sonidos y las letras\u00a0<\/strong>que representan a los chicos desde temprana edad para que ya desde primer grado puedan leer y escribir.<\/p>\n<p><strong>En el\u00a0segundo ciclo\u00a0(4\u00b0, 5\u00b0, 6\u00b0 y 7\u00b0 grado) se profundizar\u00e1 el\u00a0desarrollo de estrategias de comprensi\u00f3n de textos\u00a0<\/strong>cada vez m\u00e1s complejos y se focalizar\u00e1 en la producci\u00f3n de textos m\u00e1s desafiantes para que logren planificar, redactar y revisar sus producciones cada vez con mayor independencia.<\/p>\n<p><strong>Tambi\u00e9n se trabajar\u00e1 en el desarrollo de la oralidad\u00a0<\/strong>con el objetivo de que al terminar la primaria se puedan\u00a0expresar con claridad y precisi\u00f3n, y as\u00ed lograr una mejor trayectoria en la secundaria.<\/p>\n<p>Para\u00a0<strong>Matem\u00e1tica<\/strong>, se buscar\u00e1 formar alumnos capaces de usar sus conocimientos en una variedad de situaciones, incluyendo contextos interdisciplinarios y de la vida cotidiana.<\/p>\n<p>Para\u00a0<strong>Ciencias Naturales<\/strong>\u00a0se recupera la importancia con el foco en hablar, leer y escribir, intensificando las habilidades de comunicaci\u00f3n en las ciencias. Se incorpora la tem\u00e1tica ambiental, la alimentaci\u00f3n saludable y los consumos problem\u00e1ticos.<\/p>\n<p>Con la\u00a0<strong>educaci\u00f3n financiera<\/strong>\u00a0se busca que los alumnos est\u00e9n preparados para tomar decisiones informadas y responsables; y con la educaci\u00f3n digital que sean usuarios y creadores de tecnolog\u00eda y potencien sus capacidades para los desaf\u00edos de este siglo. <strong>(VW)<\/strong><\/p>\n<p>&nbsp;<\/p>\n","protected":false},"excerpt":{"rendered":"<p>Comenzar\u00e1 a regir el a\u00f1o pr\u00f3ximo. \u00abNueva Primaria: vamos a marcar y corregir los errores\u00bb, anunci\u00f3 Jorge Macri.<\/p>\n","protected":false},"author":4,"featured_media":10258,"comment_status":"closed","ping_status":"closed","sticky":false,"template":"","format":"standard","meta":{"_monsterinsights_skip_tracking":false,"_monsterinsights_sitenote_active":false,"_monsterinsights_sitenote_note":"","_monsterinsights_sitenote_category":0,"footnotes":""},"categories":[4,5],"tags":[330,6800,6801,5263],"class_list":["post-16048","post","type-post","status-publish","format-standard","has-post-thumbnail","hentry","category-politica","category-sociedad","tag-caba","tag-cambio-curricular","tag-educacion-primaria","tag-jorge-macri"],"_links":{"self":[{"href":"https:\/\/www.visionweb.com.ar\/index.php?rest_route=\/wp\/v2\/posts\/16048","targetHints":{"allow":["GET"]}}],"collection":[{"href":"https:\/\/www.visionweb.com.ar\/index.php?rest_route=\/wp\/v2\/posts"}],"about":[{"href":"https:\/\/www.visionweb.com.ar\/index.php?rest_route=\/wp\/v2\/types\/post"}],"author":[{"embeddable":true,"href":"https:\/\/www.visionweb.com.ar\/index.php?rest_route=\/wp\/v2\/users\/4"}],"replies":[{"embeddable":true,"href":"https:\/\/www.visionweb.com.ar\/index.php?rest_route=%2Fwp%2Fv2%2Fcomments&post=16048"}],"version-history":[{"count":1,"href":"https:\/\/www.visionweb.com.ar\/index.php?rest_route=\/wp\/v2\/posts\/16048\/revisions"}],"predecessor-version":[{"id":16049,"href":"https:\/\/www.visionweb.com.ar\/index.php?rest_route=\/wp\/v2\/posts\/16048\/revisions\/16049"}],"wp:featuredmedia":[{"embeddable":true,"href":"https:\/\/www.visionweb.com.ar\/index.php?rest_route=\/wp\/v2\/media\/10258"}],"wp:attachment":[{"href":"https:\/\/www.visionweb.com.ar\/index.php?rest_route=%2Fwp%2Fv2%2Fmedia&parent=16048"}],"wp:term":[{"taxonomy":"category","embeddable":true,"href":"https:\/\/www.visionweb.com.ar\/index.php?rest_route=%2Fwp%2Fv2%2Fcategories&post=16048"},{"taxonomy":"post_tag","embeddable":true,"href":"https:\/\/www.visionweb.com.ar\/index.php?rest_route=%2Fwp%2Fv2%2Ftags&post=16048"}],"curies":[{"name":"wp","href":"https:\/\/api.w.org\/{rel}","templated":true}]}}