{"id":16036,"date":"2024-10-04T16:24:06","date_gmt":"2024-10-04T19:24:06","guid":{"rendered":"https:\/\/www.visionweb.com.ar\/?p=16036"},"modified":"2024-10-04T16:24:06","modified_gmt":"2024-10-04T19:24:06","slug":"provincia-la-vtv-aumentara-en-forma-escalonada-90","status":"publish","type":"post","link":"https:\/\/www.visionweb.com.ar\/?p=16036","title":{"rendered":"Provincia: La VTV aumentar\u00e1 en forma escalonada 90%"},"content":{"rendered":"<p><em><strong>Ser\u00e1n tres etapas y completar\u00e1 una suba cercana al 300% en el a\u00f1o. El Ministerio de Transporte bonaerense confirm\u00f3 el incremento a trav\u00e9s del Bolet\u00edn Oficial.<\/strong><\/em><!--more--><\/p>\n<p><img loading=\"lazy\" decoding=\"async\" class=\"size-full wp-image-3724 alignright\" src=\"https:\/\/www.visionweb.com.ar\/wp-content\/uploads\/2021\/12\/vtv.bmp\" alt=\"\" width=\"572\" height=\"295\" \/>\u00a0 <strong>E<\/strong>l Gobierno bonaerense confirm\u00f3 este viernes una nueva suba de la tarifa base de la\u00a0<strong>Verificaci\u00f3n T\u00e9cnica Vehicular (VTV)<\/strong>, que en esta oportunidad se realizar\u00e1 en\u00a0<strong>tres etapas hasta completar un 90%.<\/strong><\/p>\n<p>De acuerdo a la Resoluci\u00f3n N\u00b0 220\/2024 del Bolet\u00edn Oficial, este s\u00e1bado 5 de octubre se aplicar\u00e1<strong>\u00a0el primero de los aumentos de un 28 %<\/strong> <strong>y pasar\u00e1 a costar $44.175,21.<\/strong><\/p>\n<p>La VTV sufrir\u00e1 una actualizaci\u00f3n de casi el 90% (83,7%), que se realizar\u00e1 en tres etapas, tras el pedido de las compa\u00f1\u00edas que prestan el servicio en el \u00e1mbito <strong>provincial<\/strong>.<\/p>\n<p>En tanto que, desde el primero de diciembre, volver\u00e1 a ajustarse el valor y la tarifa b\u00e1sica ser\u00e1 de $53.819,26. Por su parte, la \u00faltima suba regir\u00e1 desde el 1\u00b0 de febrero del 2025, y alcanzar\u00e1 un costo de referencia de $63.463,30.<\/p>\n<p>La Verificaci\u00f3n T\u00e9cnica Vehicular (VTV)\u00a0<strong>es un tr\u00e1mite obligatorio para todos los conductores<\/strong>\u00a0que tienen veh\u00edculos radicados en la provincia de Buenos Aires.\u00a0<strong>En lo que va del a\u00f1o y con estos nuevos incrementos llegar\u00e1 al 300%.<\/strong><\/p>\n<p>En abril, la tarifa b\u00e1sica de la VTV para veh\u00edculos de hasta 2.500 kg de peso era de $15.997,86 y terminar\u00e1 costando $63.463, es decir, habr\u00e1 sufrido un aumento del\u00a0<strong>296%.<\/strong><\/p>\n<p>La actualizaci\u00f3n tarifaria se habilit\u00f3 tras el reclamo de la C\u00e1mara Argentina de Verificadores de Automotores (CAVEA) en el mes de julio, asimismo,\u00a0se vincula con los aumentos salariales otorgados al SMATA en la paritaria sectorial.<\/p>\n<p>Cabe se\u00f1alar que, de acuerdo al pliego de bases y condiciones de la licitaci\u00f3n, l<strong>a tarifa b\u00e1sica de la VTV debe ser igual al 7% del salario b\u00e1sico de un operario de categor\u00eda 1<\/strong>. De esta manera, cada vez que se firme un nuevo acuerdo salarial hay que actualizar los precios de la revisi\u00f3n vehicular. <strong>(VW)<\/strong><\/p>\n<p>&nbsp;<\/p>\n","protected":false},"excerpt":{"rendered":"<p>Ser\u00e1n tres etapas y completar\u00e1 una suba cercana al 300% en el a\u00f1o. El Ministerio de Transporte bonaerense confirm\u00f3 el incremento a trav\u00e9s del Bolet\u00edn Oficial.<\/p>\n","protected":false},"author":4,"featured_media":3724,"comment_status":"closed","ping_status":"closed","sticky":false,"template":"","format":"standard","meta":{"_monsterinsights_skip_tracking":false,"_monsterinsights_sitenote_active":false,"_monsterinsights_sitenote_note":"","_monsterinsights_sitenote_category":0,"footnotes":""},"categories":[6,4],"tags":[6795,6606],"class_list":["post-16036","post","type-post","status-publish","format-standard","has-post-thumbnail","hentry","category-economia","category-politica","tag-aumento-en-3-etapas","tag-vtv-provincia"],"_links":{"self":[{"href":"https:\/\/www.visionweb.com.ar\/index.php?rest_route=\/wp\/v2\/posts\/16036","targetHints":{"allow":["GET"]}}],"collection":[{"href":"https:\/\/www.visionweb.com.ar\/index.php?rest_route=\/wp\/v2\/posts"}],"about":[{"href":"https:\/\/www.visionweb.com.ar\/index.php?rest_route=\/wp\/v2\/types\/post"}],"author":[{"embeddable":true,"href":"https:\/\/www.visionweb.com.ar\/index.php?rest_route=\/wp\/v2\/users\/4"}],"replies":[{"embeddable":true,"href":"https:\/\/www.visionweb.com.ar\/index.php?rest_route=%2Fwp%2Fv2%2Fcomments&post=16036"}],"version-history":[{"count":1,"href":"https:\/\/www.visionweb.com.ar\/index.php?rest_route=\/wp\/v2\/posts\/16036\/revisions"}],"predecessor-version":[{"id":16037,"href":"https:\/\/www.visionweb.com.ar\/index.php?rest_route=\/wp\/v2\/posts\/16036\/revisions\/16037"}],"wp:featuredmedia":[{"embeddable":true,"href":"https:\/\/www.visionweb.com.ar\/index.php?rest_route=\/wp\/v2\/media\/3724"}],"wp:attachment":[{"href":"https:\/\/www.visionweb.com.ar\/index.php?rest_route=%2Fwp%2Fv2%2Fmedia&parent=16036"}],"wp:term":[{"taxonomy":"category","embeddable":true,"href":"https:\/\/www.visionweb.com.ar\/index.php?rest_route=%2Fwp%2Fv2%2Fcategories&post=16036"},{"taxonomy":"post_tag","embeddable":true,"href":"https:\/\/www.visionweb.com.ar\/index.php?rest_route=%2Fwp%2Fv2%2Ftags&post=16036"}],"curies":[{"name":"wp","href":"https:\/\/api.w.org\/{rel}","templated":true}]}}