{"id":16020,"date":"2024-10-03T15:08:05","date_gmt":"2024-10-03T18:08:05","guid":{"rendered":"https:\/\/www.visionweb.com.ar\/?p=16020"},"modified":"2024-10-03T15:08:05","modified_gmt":"2024-10-03T18:08:05","slug":"el-streaming-de-los-80-anos-de-lanus","status":"publish","type":"post","link":"https:\/\/www.visionweb.com.ar\/?p=16020","title":{"rendered":"El streaming de los 80 a\u00f1os de Lan\u00fas"},"content":{"rendered":"<p><em><strong>El \u00faltimo domingo, en el segundo d\u00eda, concurrieron m\u00e1s de 15 mil personas. La celebraci\u00f3n se extender\u00e1 hasta el domingo 6 de octubre a las 22 horas.<\/strong><\/em><!--more--><\/p>\n<p><img loading=\"lazy\" decoding=\"async\" class=\"size-medium wp-image-16021 alignleft\" src=\"https:\/\/www.visionweb.com.ar\/wp-content\/uploads\/2024\/10\/AIRE-DE-RADIO-300x200.jpg\" alt=\"\" width=\"300\" height=\"200\" srcset=\"https:\/\/www.visionweb.com.ar\/wp-content\/uploads\/2024\/10\/AIRE-DE-RADIO-300x200.jpg 300w, https:\/\/www.visionweb.com.ar\/wp-content\/uploads\/2024\/10\/AIRE-DE-RADIO.jpg 640w\" sizes=\"auto, (max-width: 300px) 100vw, 300px\" \/>Los 80 a\u00f1os de Lan\u00fas,\u00a0 llegaron con todo para ser celebrados dentro del Parque Eva Per\u00f3n con el Universo Lan\u00fas, donde se inauguraron los festejos el pasado s\u00e1bado 28 de septiembre y continuar\u00e1n hasta el domingo 6 de octubre.<\/p>\n<p>Dentro de las 8 naves que se encuentran desplegadas, \u201cNuestras Voces\u201d que es una de ellas y a donde se desarrollan salidas en vivo por el canal de streaming, recibi\u00f3 a chicos y chicas de ENVI\u00d3N.<\/p>\n<p>Con entrevistas, juegos en vivo y novedades, en esta ocasi\u00f3n hubo un entretenido ida y vuelta entre las ni\u00f1as y ni\u00f1os, quienes tuvieron una de sus primeras experiencias frente a los micr\u00f3fonos. Record\u00e1 que el espacio digital de la nave \u201cNuestras Voces\u201d es transmitido \u00fanicamente los fines de semana y sale en vivo por\u00a0<a href=\"https:\/\/www.youtube.com\/@LanusGobierno\" target=\"_blank\" rel=\"noopener\" data-saferedirecturl=\"https:\/\/www.google.com\/url?q=https:\/\/www.youtube.com\/@LanusGobierno&amp;source=gmail&amp;ust=1728063905499000&amp;usg=AOvVaw34GBJvlmbxzMvXqc9Gdko0\">https:\/\/www.youtube.com\/@<wbr \/>LanusGobierno<\/a>.<\/p>\n<p>El s\u00e1bado pasado fue su primera edici\u00f3n y el intendente, Juli\u00e1n \u00c1lvarez, cont\u00f3 sus sensaciones de formar parte de este aniversario tan importante, promulgando un espacio de recreaci\u00f3n para vecinos y vecinas, y el bienestar de las infancias.<\/p>\n<p>\u201cLan\u00fas se construy\u00f3 con una mirada colectiva, muy barrial, muchos tambi\u00e9n eran inmigrantes. En la calle, con la sillita en la puerta, despu\u00e9s del trabajo se encontraban para ver c\u00f3mo iba su vida, para festejarla, para consolarse por los momentos tristes\u201d, explic\u00f3 \u00c1lvarez.<\/p>\n<p>Para promover la identidad lanusense dentro del Universo Lan\u00fas, el intendente tambi\u00e9n explic\u00f3: \u201cEsto es un reconocimiento de qui\u00e9nes somos. Somos de barrio y eso tiene un mont\u00f3n de aristas constitutivas positivas y enormes. Cuando empezamos en diciembre ten\u00edamos este desaf\u00edo de llevar adelante la responsabilidad de los 80 a\u00f1os. Y me parece que la idea es muy profunda\u201d.<\/p>\n<p>Tras la apertura de la primera salida con Juli\u00e1n \u00c1lvarez, pasaron otros destacados invitados como Omar Dalponte, historiador y periodista de Lan\u00fas, Mariela Antoniska, m\u00e9dica y campeona del mundo con Las Leonas, y Mirta Carabajal, chef y docente gastron\u00f3mica, quien estuvo cocinando en vivo la torta para celebrar junto a los vecinos y vecinas que cumplieron a\u00f1os el mismo d\u00eda de la ciudad.<\/p>\n<p>Universo Lan\u00fas se inaugur\u00f3 el s\u00e1bado 28 de septiembre en el Parque Municipal Eva Per\u00f3n, con la participaci\u00f3n de m\u00e1s de 20 mil vecinos y vecinas. El \u00faltimo domingo, en el segundo d\u00eda, concurrieron m\u00e1s de 15 mil personas.<\/p>\n<p>La celebraci\u00f3n se extender\u00e1 hasta el domingo 6 de octubre a las 22 horas. Quienes quieran acercarse lo podr\u00e1n hacer con entrada libre gratuita a Purita y Salta, Remedios de Escalada.<\/p>\n<p>Para enterarte de todas las novedades y conocer nuestra historia, ingres\u00e1 en\u00a0<a href=\"http:\/\/www.lanus.gob.ar\/80aniversario\" target=\"_blank\" rel=\"noopener\" data-saferedirecturl=\"https:\/\/www.google.com\/url?q=http:\/\/www.lanus.gob.ar\/80aniversario&amp;source=gmail&amp;ust=1728063905499000&amp;usg=AOvVaw0K3nK2Ex7oNanqb3aDM2jk\">www.lanus.gob.ar\/80aniversario<\/a><wbr \/>.<strong>(VW)<\/strong><\/p>\n","protected":false},"excerpt":{"rendered":"<p>El \u00faltimo domingo, en el segundo d\u00eda, concurrieron m\u00e1s de 15 mil personas. La celebraci\u00f3n se extender\u00e1 hasta el domingo 6 de octubre a las 22 horas.<\/p>\n","protected":false},"author":3,"featured_media":16021,"comment_status":"closed","ping_status":"closed","sticky":false,"template":"","format":"standard","meta":{"_monsterinsights_skip_tracking":false,"_monsterinsights_sitenote_active":false,"_monsterinsights_sitenote_note":"","_monsterinsights_sitenote_category":0,"footnotes":""},"categories":[8],"tags":[92,2018,6791,6792],"class_list":["post-16020","post","type-post","status-publish","format-standard","has-post-thumbnail","hentry","category-interes-general","tag-aniversario","tag-chicos","tag-radio","tag-vivo"],"_links":{"self":[{"href":"https:\/\/www.visionweb.com.ar\/index.php?rest_route=\/wp\/v2\/posts\/16020","targetHints":{"allow":["GET"]}}],"collection":[{"href":"https:\/\/www.visionweb.com.ar\/index.php?rest_route=\/wp\/v2\/posts"}],"about":[{"href":"https:\/\/www.visionweb.com.ar\/index.php?rest_route=\/wp\/v2\/types\/post"}],"author":[{"embeddable":true,"href":"https:\/\/www.visionweb.com.ar\/index.php?rest_route=\/wp\/v2\/users\/3"}],"replies":[{"embeddable":true,"href":"https:\/\/www.visionweb.com.ar\/index.php?rest_route=%2Fwp%2Fv2%2Fcomments&post=16020"}],"version-history":[{"count":1,"href":"https:\/\/www.visionweb.com.ar\/index.php?rest_route=\/wp\/v2\/posts\/16020\/revisions"}],"predecessor-version":[{"id":16022,"href":"https:\/\/www.visionweb.com.ar\/index.php?rest_route=\/wp\/v2\/posts\/16020\/revisions\/16022"}],"wp:featuredmedia":[{"embeddable":true,"href":"https:\/\/www.visionweb.com.ar\/index.php?rest_route=\/wp\/v2\/media\/16021"}],"wp:attachment":[{"href":"https:\/\/www.visionweb.com.ar\/index.php?rest_route=%2Fwp%2Fv2%2Fmedia&parent=16020"}],"wp:term":[{"taxonomy":"category","embeddable":true,"href":"https:\/\/www.visionweb.com.ar\/index.php?rest_route=%2Fwp%2Fv2%2Fcategories&post=16020"},{"taxonomy":"post_tag","embeddable":true,"href":"https:\/\/www.visionweb.com.ar\/index.php?rest_route=%2Fwp%2Fv2%2Ftags&post=16020"}],"curies":[{"name":"wp","href":"https:\/\/api.w.org\/{rel}","templated":true}]}}